{"id":27763,"date":"2018-06-04T01:01:19","date_gmt":"2018-06-04T06:01:19","guid":{"rendered":"http:\/\/elinformanteperu.com\/?p=27763"},"modified":"2018-06-04T01:01:19","modified_gmt":"2018-06-04T06:01:19","slug":"velarde-plantea-modernizar-metropolitano-e-instalacion-de-semaforos-sincronizados","status":"publish","type":"post","link":"https:\/\/elinformanteperu.com\/index.php\/2018\/06\/04\/velarde-plantea-modernizar-metropolitano-e-instalacion-de-semaforos-sincronizados\/","title":{"rendered":"Velarde plantea modernizar Metropolitano e instalaci\u00f3n de sem\u00e1foros sincronizados"},"content":{"rendered":"<p><strong><span style=\"color: #000000;\">El candidato a la alcald\u00eda de Lima por el partido Siempre Unidos, Manuel Velarde, dijo que, de ganar las elecciones, impulsar\u00e1 la modernizaci\u00f3n del servicio de transporte.<\/span><\/strong><\/p>\n<p><span style=\"color: #000000;\"><strong>Lima, 03 de Junio, (ANDINA).-<\/strong> El candidato a la alcald\u00eda de Lima por el partido Siempre Unidos, Manuel Velarde, dijo que, de ganar las elecciones, impulsar\u00e1 la modernizaci\u00f3n del servicio de transporte p\u00fablico con buses de mayor capacidad y la instalaci\u00f3n de sem\u00e1foros sincronizados.<\/span><\/p>\n<p><span style=\"color: #000000;\">En declaraciones a la Agencia Andina, manifest\u00f3 que tomar\u00e1 medidas para que el servicio de El Metropolitano sea m\u00e1s fluido y evitar que los buses queden atrapados en el tr\u00e1nsito diario.<\/span><\/p>\n<p><span style=\"color: #000000;\">Para ello, mencion\u00f3, es importante contar con sem\u00e1foros inteligentes que funcionen bien en hora punta.<\/span><\/p>\n<p><span style=\"color: #000000;\">\u201cTiene que hacerse la reforma del servicio, El Metropolitano tiene que llegar hasta Carabayllo y que las rutas alimentadoras sean reales para tener un servicio m\u00e1s fluido, algo que no se da ahora, porque no se tienen sem\u00e1foros sincronizados en los cruces. Esto tiene que cambiar definitivamente si queremos una ciudad moderna\u201d, indic\u00f3.<\/span><\/p>\n<p><span style=\"color: #000000;\">Explic\u00f3 que la experiencia de sem\u00e1foros sincronizados demuestra en otros pa\u00edses que s\u00ed es posible aliviar el problema de la congesti\u00f3n vehicular, la cual afecta a la econom\u00eda de los ciudadanos.<\/span><\/p>\n<p><span style=\"color: #000000;\">Agreg\u00f3 que su propuesta es que El Metropolitano no solo tenga buses articulados, sino incorporar los \u00abbuses biarticulados de mayor capacidad\u00bb, para desplazar a los miles de usuarios que abarrotan los paraderos de manera diaria.<\/span><\/p>\n<p><span style=\"color: #000000;\">Dijo que tambi\u00e9n planea ejecutar la expansi\u00f3n al sur de la V\u00eda Expresa, proyecto que est\u00e1 postergado muchos a\u00f1os y no puede seguir encarpetado.<\/span><\/p>\n<p><span style=\"color: #000000;\">El aspirante a la Municipalidad de Lima tambi\u00e9n inform\u00f3 que se vienen ultimando detalles sobre su plan de Gobierno, el cual ser\u00e1 presentado luego de la inscripci\u00f3n de su candidatura, la pr\u00f3xima semana.<\/span><\/p>\n","protected":false},"excerpt":{"rendered":"<p>El candidato a la alcald\u00eda de Lima por el partido Siempre Unidos, Manuel Velarde, dijo que, de ganar las elecciones, impulsar\u00e1 la modernizaci\u00f3n del servicio de transporte. Lima, 03 de Junio, (ANDINA).- El candidato a la alcald\u00eda de Lima por el partido Siempre Unidos, Manuel Velarde, dijo que, de ganar las elecciones, impulsar\u00e1 la modernizaci\u00f3n [&hellip;]<\/p>\n","protected":false},"author":1,"featured_media":27765,"comment_status":"open","ping_status":"open","sticky":false,"template":"","format":"standard","meta":{"rop_custom_images_group":[],"rop_custom_messages_group":[],"rop_publish_now":"initial","rop_publish_now_accounts":[],"rop_publish_now_history":[],"rop_publish_now_status":"pending","footnotes":""},"categories":[5],"tags":[1537,1933,3187],"class_list":["post-27763","post","type-post","status-publish","format-standard","has-post-thumbnail","hentry","category-actualidad-informativa","tag-elecciones-municipales-2018","tag-manuel-velarde","tag-siempre-unidos"],"_links":{"self":[{"href":"https:\/\/elinformanteperu.com\/index.php\/wp-json\/wp\/v2\/posts\/27763","targetHints":{"allow":["GET"]}}],"collection":[{"href":"https:\/\/elinformanteperu.com\/index.php\/wp-json\/wp\/v2\/posts"}],"about":[{"href":"https:\/\/elinformanteperu.com\/index.php\/wp-json\/wp\/v2\/types\/post"}],"author":[{"embeddable":true,"href":"https:\/\/elinformanteperu.com\/index.php\/wp-json\/wp\/v2\/users\/1"}],"replies":[{"embeddable":true,"href":"https:\/\/elinformanteperu.com\/index.php\/wp-json\/wp\/v2\/comments?post=27763"}],"version-history":[{"count":1,"href":"https:\/\/elinformanteperu.com\/index.php\/wp-json\/wp\/v2\/posts\/27763\/revisions"}],"predecessor-version":[{"id":27766,"href":"https:\/\/elinformanteperu.com\/index.php\/wp-json\/wp\/v2\/posts\/27763\/revisions\/27766"}],"wp:featuredmedia":[{"embeddable":true,"href":"https:\/\/elinformanteperu.com\/index.php\/wp-json\/wp\/v2\/media\/27765"}],"wp:attachment":[{"href":"https:\/\/elinformanteperu.com\/index.php\/wp-json\/wp\/v2\/media?parent=27763"}],"wp:term":[{"taxonomy":"category","embeddable":true,"href":"https:\/\/elinformanteperu.com\/index.php\/wp-json\/wp\/v2\/categories?post=27763"},{"taxonomy":"post_tag","embeddable":true,"href":"https:\/\/elinformanteperu.com\/index.php\/wp-json\/wp\/v2\/tags?post=27763"}],"curies":[{"name":"wp","href":"https:\/\/api.w.org\/{rel}","templated":true}]}}