{"id":2771,"date":"2016-12-16T02:01:13","date_gmt":"2016-12-16T07:01:13","guid":{"rendered":"http:\/\/elinformanteperu.com\/?p=2771"},"modified":"2016-12-16T02:01:13","modified_gmt":"2016-12-16T07:01:13","slug":"fuerza-popular-voto-a-favor-de-censura-sin-hacer-calculos-politicos-afirman","status":"publish","type":"post","link":"https:\/\/elinformanteperu.com\/index.php\/2016\/12\/16\/fuerza-popular-voto-a-favor-de-censura-sin-hacer-calculos-politicos-afirman\/","title":{"rendered":"Fuerza Popular vot\u00f3 a favor de censura sin hacer c\u00e1lculos pol\u00edticos, afirman"},"content":{"rendered":"<p><strong>El congresista de Fuerza Popular, Luis Galarreta, afirm\u00f3 que la censura a favor del ministro, Jaime Saavedra, fue aprobada porque se encontraron hechos de corrupci\u00f3n.<\/strong><\/p>\n<p><strong>Lima, 15 Diciembre 2016, (ANDINA).-<\/strong> El congresista de Fuerza Popular (FP), Luis Galarreta, afirm\u00f3 que la censura a favor del ministro de Educaci\u00f3n, Jaime Saavedra, fue aprobada porque se encontraron hechos de corrupci\u00f3n en dicho sector, y no fue producto de un c\u00e1lculo pol\u00edtico para desestabilizar al actual gobierno.<\/p>\n<p>Indic\u00f3 que el Congreso de la Rep\u00fablica cumpli\u00f3 con su labor de control pol\u00edtico al censurar a Saavedra y se mostr\u00f3 contrariado por el \u201ccargamont\u00f3n injustificado\u201d en contra de la bancada de la cual es vocero.<\/p>\n<p>\u201cNo hay costo pol\u00edtico si existe corrupci\u00f3n, esta votaci\u00f3n la hemos hecho sin ning\u00fan tipo de c\u00e1lculo pol\u00edtico, que quede claro que seremos inflexibles contra la corrupci\u00f3n\u201d, asegur\u00f3 en conferencia de prensa.<\/p>\n<p>Asimismo, refiri\u00f3 que el Parlamento fue testigo de una actitud antidemocr\u00e1tica por un grupo de bancadas, \u201cque marcaron asistencia y luego se retiraron de la sesi\u00f3n\u201d.<\/p>\n<p>\u201cEsta moci\u00f3n fue aprobada de manera multipartidaria, no solo por Fuerza Popular, sino con el apoyo del Apra, as\u00ed como otros grupos pol\u00edticos\u201d, explic\u00f3.<\/p>\n<p>De igual modo, consider\u00f3 como \u201cjustificada\u201d la decisi\u00f3n tomada por los 78 congresistas que votaron a favor de la salida de Saavedra del Ministerio de Educaci\u00f3n y descart\u00f3 que otros titulares de portafolio \u201ccorran la misma suerte\u201d.<\/p>\n<p>Galarreta mencion\u00f3 que el Congreso no neg\u00f3 ning\u00fan pedido efectuado por parte del Poder Ejecutivo, como el voto de confianza, el pedido de otorgamiento de facultades y otros proyectos provenientes del gobierno.<\/p>\n<p>El vocero de Fuerza Popular precis\u00f3 que el pueblo peruano apoya la censura del ministro Saavedra, habiendo recibido mensajes de profesores y padres de familia.<\/p>\n","protected":false},"excerpt":{"rendered":"<p>El congresista de Fuerza Popular, Luis Galarreta, afirm\u00f3 que la censura a favor del ministro, Jaime Saavedra, fue aprobada porque se encontraron hechos de corrupci\u00f3n. Lima, 15 Diciembre 2016, (ANDINA).- El congresista de Fuerza Popular (FP), Luis Galarreta, afirm\u00f3 que la censura a favor del ministro de Educaci\u00f3n, Jaime Saavedra, fue aprobada porque se encontraron [&hellip;]<\/p>\n","protected":false},"author":1,"featured_media":2772,"comment_status":"open","ping_status":"open","sticky":false,"template":"","format":"standard","meta":{"rop_custom_images_group":[],"rop_custom_messages_group":[],"rop_publish_now":"initial","rop_publish_now_accounts":[],"rop_publish_now_history":[],"rop_publish_now_status":"pending","footnotes":""},"categories":[5],"tags":[286,382],"class_list":["post-2771","post","type-post","status-publish","format-standard","has-post-thumbnail","hentry","category-actualidad-informativa","tag-jaime-saavedra","tag-luis-galarreta"],"_links":{"self":[{"href":"https:\/\/elinformanteperu.com\/index.php\/wp-json\/wp\/v2\/posts\/2771","targetHints":{"allow":["GET"]}}],"collection":[{"href":"https:\/\/elinformanteperu.com\/index.php\/wp-json\/wp\/v2\/posts"}],"about":[{"href":"https:\/\/elinformanteperu.com\/index.php\/wp-json\/wp\/v2\/types\/post"}],"author":[{"embeddable":true,"href":"https:\/\/elinformanteperu.com\/index.php\/wp-json\/wp\/v2\/users\/1"}],"replies":[{"embeddable":true,"href":"https:\/\/elinformanteperu.com\/index.php\/wp-json\/wp\/v2\/comments?post=2771"}],"version-history":[{"count":1,"href":"https:\/\/elinformanteperu.com\/index.php\/wp-json\/wp\/v2\/posts\/2771\/revisions"}],"predecessor-version":[{"id":2773,"href":"https:\/\/elinformanteperu.com\/index.php\/wp-json\/wp\/v2\/posts\/2771\/revisions\/2773"}],"wp:featuredmedia":[{"embeddable":true,"href":"https:\/\/elinformanteperu.com\/index.php\/wp-json\/wp\/v2\/media\/2772"}],"wp:attachment":[{"href":"https:\/\/elinformanteperu.com\/index.php\/wp-json\/wp\/v2\/media?parent=2771"}],"wp:term":[{"taxonomy":"category","embeddable":true,"href":"https:\/\/elinformanteperu.com\/index.php\/wp-json\/wp\/v2\/categories?post=2771"},{"taxonomy":"post_tag","embeddable":true,"href":"https:\/\/elinformanteperu.com\/index.php\/wp-json\/wp\/v2\/tags?post=2771"}],"curies":[{"name":"wp","href":"https:\/\/api.w.org\/{rel}","templated":true}]}}