{"id":27703,"date":"2018-05-31T23:37:33","date_gmt":"2018-06-01T04:37:33","guid":{"rendered":"http:\/\/elinformanteperu.com\/?p=27703"},"modified":"2018-05-31T23:37:33","modified_gmt":"2018-06-01T04:37:33","slug":"decision-de-tribunal-federal-suizo-sobre-caso-paolo-guerrero-sentara-precedente-legal","status":"publish","type":"post","link":"https:\/\/elinformanteperu.com\/index.php\/2018\/05\/31\/decision-de-tribunal-federal-suizo-sobre-caso-paolo-guerrero-sentara-precedente-legal\/","title":{"rendered":"Decisi\u00f3n de Tribunal Federal Suizo sobre caso Paolo Guerrero sentar\u00e1 precedente legal"},"content":{"rendered":"<p><strong><span style=\"color: #000000;\">La decisi\u00f3n del Tribunal Federal Suizo de aceptar la medida cautelar a favor de Paolo Guerrero sentar\u00e1 un precedente para otros casos.<\/span><\/strong><\/p>\n<p><span style=\"color: #000000;\"><strong>Lima, 31 de Mayo 2018, (ANDINA).-<\/strong> La decisi\u00f3n del Tribunal Federal Suizo de aceptar la medida cautelar a favor de Paolo Guerrero sentar\u00e1 un precedente para otros casos en que el castigo a un deportista sea irracional y desproporcionado, afirm\u00f3 el abogado Jos\u00e9 Luis Noriega, experto en temas deportivos.<\/span><\/p>\n<p><span style=\"color: #000000;\">Noriega dijo que una Rep\u00fablica como Suiza, conocida como la capital del mundo en derechos fundamentales, ten\u00eda que hacer respetar el derecho laboral de Paolo Guerrero y permitirle continuar su carrera hacia el Mundial de Rusia 2018.<\/span><\/p>\n<p><span style=\"color: #000000;\">\u00abEs un aspecto humano, rescatable y digno de un Poder Judicial ejemplar en el mundo. Se est\u00e1 reivindicando una situaci\u00f3n por lo menos controvertida que afectaba a nuestro capit\u00e1n de f\u00fatbol\u00bb, indic\u00f3 en \u00abCanal N\u00bb.<\/span><\/p>\n<p><span style=\"color: #000000;\">Seg\u00fan Noriega, el tribunal suizo -con la aceptaci\u00f3n de la medida cautelar- le est\u00e1 diciendo al TAS que le informe a la WADA que tiene un r\u00e9gimen irracional, pernicioso y desproporcionado, el cual afecta a algunos deportistas.<\/span><\/p>\n<p><span style=\"color: #000000;\">Agreg\u00f3 que la aceptaci\u00f3n de la medida cautelar, a veces, es un anticipo de que la sentencia podr\u00eda salir finalmente a su favor. \u00abEs muy dif\u00edcil que, m\u00e1s adelante, no le den la raz\u00f3n en la Corte Suprema de Suiza\u00bb.<\/span><\/p>\n<p><span style=\"color: #000000;\">En mi opini\u00f3n, agreg\u00f3, la WADA es un torpedo en el sistema sancionador de deportistas. \u00abPor eso creo que el tema traer\u00e1 cola, en las pr\u00f3ximas semanas y meses habr\u00e1 una revisi\u00f3n total del regimen sancionador. Absolutamente que sentar\u00e1 un precedente\u00bb.<\/span><\/p>\n<p><span style=\"color: #000000;\">El delantero peruano dio positivo en un examen antidopaje por haber tomado una infusi\u00f3n contaminada con mate de coca. Por esta raz\u00f3n, la FIFA lo sancion\u00f3 con la suspensi\u00f3n por un a\u00f1o, pero tras la apelaci\u00f3n de Guerrero se le redujo a seis meses.<\/span><\/p>\n<p><span style=\"color: #000000;\">No obstante, Paolo, al se\u00f1alar que ese tiempo era igualmente desproporcionado, apel\u00f3 ante el TAS, que le increment\u00f3 la medida sancionadora a 14 meses, lo que le imped\u00eda jugar en el Mundial de Rusia 2018.<\/span><\/p>\n<p><img fetchpriority=\"high\" decoding=\"async\" class=\"aligncenter size-full wp-image-26636\" src=\"http:\/\/elinformanteperu.com\/wp-content\/uploads\/2018\/05\/paolo-brasil.jpg\" alt=\"\" width=\"1800\" height=\"1350\" srcset=\"https:\/\/elinformanteperu.com\/wp-content\/uploads\/2018\/05\/paolo-brasil.jpg 1800w, https:\/\/elinformanteperu.com\/wp-content\/uploads\/2018\/05\/paolo-brasil-300x225.jpg 300w, https:\/\/elinformanteperu.com\/wp-content\/uploads\/2018\/05\/paolo-brasil-768x576.jpg 768w, https:\/\/elinformanteperu.com\/wp-content\/uploads\/2018\/05\/paolo-brasil-1024x768.jpg 1024w, https:\/\/elinformanteperu.com\/wp-content\/uploads\/2018\/05\/paolo-brasil-128x96.jpg 128w, https:\/\/elinformanteperu.com\/wp-content\/uploads\/2018\/05\/paolo-brasil-32x24.jpg 32w\" sizes=\"(max-width: 1800px) 100vw, 1800px\" \/><\/p>\n","protected":false},"excerpt":{"rendered":"<p>La decisi\u00f3n del Tribunal Federal Suizo de aceptar la medida cautelar a favor de Paolo Guerrero sentar\u00e1 un precedente para otros casos. Lima, 31 de Mayo 2018, (ANDINA).- La decisi\u00f3n del Tribunal Federal Suizo de aceptar la medida cautelar a favor de Paolo Guerrero sentar\u00e1 un precedente para otros casos en que el castigo a [&hellip;]<\/p>\n","protected":false},"author":1,"featured_media":27705,"comment_status":"open","ping_status":"open","sticky":false,"template":"","format":"standard","meta":{"rop_custom_images_group":[],"rop_custom_messages_group":[],"rop_publish_now":"initial","rop_publish_now_accounts":[],"rop_publish_now_history":[],"rop_publish_now_status":"pending","footnotes":""},"categories":[8],"tags":[268,3186,203,1577],"class_list":["post-27703","post","type-post","status-publish","format-standard","has-post-thumbnail","hentry","category-disciplinas-deportivas","tag-fifa","tag-jose-luis-noriega","tag-paolo-guerrero","tag-tas"],"_links":{"self":[{"href":"https:\/\/elinformanteperu.com\/index.php\/wp-json\/wp\/v2\/posts\/27703","targetHints":{"allow":["GET"]}}],"collection":[{"href":"https:\/\/elinformanteperu.com\/index.php\/wp-json\/wp\/v2\/posts"}],"about":[{"href":"https:\/\/elinformanteperu.com\/index.php\/wp-json\/wp\/v2\/types\/post"}],"author":[{"embeddable":true,"href":"https:\/\/elinformanteperu.com\/index.php\/wp-json\/wp\/v2\/users\/1"}],"replies":[{"embeddable":true,"href":"https:\/\/elinformanteperu.com\/index.php\/wp-json\/wp\/v2\/comments?post=27703"}],"version-history":[{"count":1,"href":"https:\/\/elinformanteperu.com\/index.php\/wp-json\/wp\/v2\/posts\/27703\/revisions"}],"predecessor-version":[{"id":27706,"href":"https:\/\/elinformanteperu.com\/index.php\/wp-json\/wp\/v2\/posts\/27703\/revisions\/27706"}],"wp:featuredmedia":[{"embeddable":true,"href":"https:\/\/elinformanteperu.com\/index.php\/wp-json\/wp\/v2\/media\/27705"}],"wp:attachment":[{"href":"https:\/\/elinformanteperu.com\/index.php\/wp-json\/wp\/v2\/media?parent=27703"}],"wp:term":[{"taxonomy":"category","embeddable":true,"href":"https:\/\/elinformanteperu.com\/index.php\/wp-json\/wp\/v2\/categories?post=27703"},{"taxonomy":"post_tag","embeddable":true,"href":"https:\/\/elinformanteperu.com\/index.php\/wp-json\/wp\/v2\/tags?post=27703"}],"curies":[{"name":"wp","href":"https:\/\/api.w.org\/{rel}","templated":true}]}}