{"id":27696,"date":"2018-05-31T23:21:26","date_gmt":"2018-06-01T04:21:26","guid":{"rendered":"http:\/\/elinformanteperu.com\/?p=27696"},"modified":"2018-05-31T23:21:26","modified_gmt":"2018-06-01T04:21:26","slug":"paolo-guerrero-no-hay-sueno-imposible-cuando-los-peruanos-nos-unimos","status":"publish","type":"post","link":"https:\/\/elinformanteperu.com\/index.php\/2018\/05\/31\/paolo-guerrero-no-hay-sueno-imposible-cuando-los-peruanos-nos-unimos\/","title":{"rendered":"Paolo Guerrero: \u201cNo hay sue\u00f1o imposible cuando los peruanos nos unimos\u201d"},"content":{"rendered":"<p><strong><span style=\"color: #000000;\">El capit\u00e1n de la selecci\u00f3n peruana de f\u00fatbol, Paolo Guerrero, se pronunci\u00f3 tras conocer la decisi\u00f3n del Tribunal Federal Suizo de habilitarlo.<\/span><\/strong><\/p>\n<p><span style=\"color: #000000;\"><strong>Lima, 31 de Mayo 2018, (ANDINA).-<\/strong> El capit\u00e1n de la selecci\u00f3n peruana de f\u00fatbol, Paolo Guerrero, se pronunci\u00f3 tras conocer la decisi\u00f3n del Tribunal Federal Suizo de habilitarlo para jugar el Mundial y, tras comprometerse a dar su m\u00e1ximo esfuerzo, dijo que \u201cno hay sue\u00f1o imposible cuando los peruanos nos unimos\u201d.<\/span><\/p>\n<p><span style=\"color: #000000;\">Mediante un pronunciamiento escrito, el delantero nacional no disimul\u00f3 su alegr\u00eda por la noticia y agradeci\u00f3 el apoyo de la afici\u00f3n y de los personajes y autoridades ligados al f\u00fatbol que lo acompa\u00f1aron y le demostraron su cari\u00f1o tras la sanci\u00f3n de inhabilitaci\u00f3n en su contra.<\/span><\/p>\n<p><span style=\"color: #000000;\">Consider\u00f3 que la decisi\u00f3n de dejar temporalmente sin efecto su sanci\u00f3n \u201chace justicia\u201d y, en tal sentido, agradeci\u00f3 al tribunal suizo; as\u00ed como al presidente de la FIFA, Gianni Infantino, y a la FIFPro (Federaci\u00f3n Internacional de Futbolistas Profesionales).<\/span><\/p>\n<p><span style=\"color: #000000;\">Tambi\u00e9n expres\u00f3 su gratitud a los capitanes de Australia, Dinamarca y Francia (los rivales de Per\u00fa en el Mundial), a los futbolistas de otras selecciones, \u201cy a tantas personas, an\u00f3nimas o no, que de una manera u otra fueron \u00fatiles para lograr este resultado\u201d.<\/span><\/p>\n<p><span style=\"color: #000000;\">\u201cPor supuesto, debo se\u00f1alar que esto no hubiera sido posible de lograr sin el apoyo de la Federaci\u00f3n Peruana de F\u00fatbol y en particular de su presidente, el se\u00f1or Edwin Oviedo, quien permaneci\u00f3 a mi lado, en Suiza, cada uno de los d\u00edas transcurridos hasta obtener este resultado favorable\u201d, anot\u00f3.<\/span><\/p>\n<p><span style=\"color: #000000;\">Igualmente, agradeci\u00f3 el respaldo de sus compa\u00f1eros de la selecci\u00f3n, que le dieron la fuerza necesaria para sobrepasar ese duro momento.<\/span><\/p>\n<p><span style=\"color: #000000;\">Paolo Guerrero destac\u00f3 que ese apoyo no le sorprende. \u201cAs\u00ed es como se comporta una familia y eso es lo que somos\u201d, afirm\u00f3.<\/span><\/p>\n<p><span style=\"color: #000000;\">\u201cMi gratitud eterna a mi pa\u00eds, a los millones de compatriotas que se han unido a m\u00ed, de miles de maneras diferentes, con un com\u00fan denominador: el cari\u00f1o desbordado\u201d, afirm\u00f3 el capit\u00e1n peruano.<\/span><\/p>\n<p><span style=\"color: #000000;\">El atacante del Flamengo invit\u00f3, en ese sentido, a los peruanos a seguir unidos y a entender que, m\u00e1s all\u00e1 de cualquier diferencia de opini\u00f3n, la uni\u00f3n de los compatriotas puede llevar a concretar \u201ccualquier cosa que parezca imposible\u201d.<\/span><\/p>\n<p><span style=\"color: #000000;\">Agreg\u00f3 que su batalla sigue y que de ello se encargar\u00e1n sus abogados, a quienes tambi\u00e9n agradeci\u00f3.<\/span><\/p>\n<p><span style=\"color: #000000;\">\u201cMe uno a mi selecci\u00f3n y, junto a mis compa\u00f1eros, me comprometo a dar el mayor de mis esfuerzos para brindarle nuevas y mayores alegr\u00edas a mi pa\u00eds. Ya no hay l\u00edmites. Ya no hay sue\u00f1os imposibles, porque est\u00e1 demostrado que cuando los peruanos nos unimos, todo es posible\u201d, asever\u00f3.<\/span><\/p>\n<p><img fetchpriority=\"high\" decoding=\"async\" class=\"aligncenter size-full wp-image-18616\" src=\"http:\/\/elinformanteperu.com\/wp-content\/uploads\/2017\/11\/paolo-guerrero-repechaje.jpg\" alt=\"\" width=\"1800\" height=\"1212\" srcset=\"https:\/\/elinformanteperu.com\/wp-content\/uploads\/2017\/11\/paolo-guerrero-repechaje.jpg 1800w, https:\/\/elinformanteperu.com\/wp-content\/uploads\/2017\/11\/paolo-guerrero-repechaje-300x202.jpg 300w, https:\/\/elinformanteperu.com\/wp-content\/uploads\/2017\/11\/paolo-guerrero-repechaje-768x517.jpg 768w, https:\/\/elinformanteperu.com\/wp-content\/uploads\/2017\/11\/paolo-guerrero-repechaje-1024x689.jpg 1024w, https:\/\/elinformanteperu.com\/wp-content\/uploads\/2017\/11\/paolo-guerrero-repechaje-128x86.jpg 128w, https:\/\/elinformanteperu.com\/wp-content\/uploads\/2017\/11\/paolo-guerrero-repechaje-32x22.jpg 32w\" sizes=\"(max-width: 1800px) 100vw, 1800px\" \/><\/p>\n","protected":false},"excerpt":{"rendered":"<p>El capit\u00e1n de la selecci\u00f3n peruana de f\u00fatbol, Paolo Guerrero, se pronunci\u00f3 tras conocer la decisi\u00f3n del Tribunal Federal Suizo de habilitarlo. Lima, 31 de Mayo 2018, (ANDINA).- El capit\u00e1n de la selecci\u00f3n peruana de f\u00fatbol, Paolo Guerrero, se pronunci\u00f3 tras conocer la decisi\u00f3n del Tribunal Federal Suizo de habilitarlo para jugar el Mundial y, [&hellip;]<\/p>\n","protected":false},"author":1,"featured_media":26872,"comment_status":"open","ping_status":"open","sticky":false,"template":"","format":"standard","meta":{"rop_custom_images_group":[],"rop_custom_messages_group":[],"rop_publish_now":"initial","rop_publish_now_accounts":[],"rop_publish_now_history":[],"rop_publish_now_status":"pending","footnotes":""},"categories":[8],"tags":[268,203,1577],"class_list":["post-27696","post","type-post","status-publish","format-standard","has-post-thumbnail","hentry","category-disciplinas-deportivas","tag-fifa","tag-paolo-guerrero","tag-tas"],"_links":{"self":[{"href":"https:\/\/elinformanteperu.com\/index.php\/wp-json\/wp\/v2\/posts\/27696","targetHints":{"allow":["GET"]}}],"collection":[{"href":"https:\/\/elinformanteperu.com\/index.php\/wp-json\/wp\/v2\/posts"}],"about":[{"href":"https:\/\/elinformanteperu.com\/index.php\/wp-json\/wp\/v2\/types\/post"}],"author":[{"embeddable":true,"href":"https:\/\/elinformanteperu.com\/index.php\/wp-json\/wp\/v2\/users\/1"}],"replies":[{"embeddable":true,"href":"https:\/\/elinformanteperu.com\/index.php\/wp-json\/wp\/v2\/comments?post=27696"}],"version-history":[{"count":1,"href":"https:\/\/elinformanteperu.com\/index.php\/wp-json\/wp\/v2\/posts\/27696\/revisions"}],"predecessor-version":[{"id":27698,"href":"https:\/\/elinformanteperu.com\/index.php\/wp-json\/wp\/v2\/posts\/27696\/revisions\/27698"}],"wp:featuredmedia":[{"embeddable":true,"href":"https:\/\/elinformanteperu.com\/index.php\/wp-json\/wp\/v2\/media\/26872"}],"wp:attachment":[{"href":"https:\/\/elinformanteperu.com\/index.php\/wp-json\/wp\/v2\/media?parent=27696"}],"wp:term":[{"taxonomy":"category","embeddable":true,"href":"https:\/\/elinformanteperu.com\/index.php\/wp-json\/wp\/v2\/categories?post=27696"},{"taxonomy":"post_tag","embeddable":true,"href":"https:\/\/elinformanteperu.com\/index.php\/wp-json\/wp\/v2\/tags?post=27696"}],"curies":[{"name":"wp","href":"https:\/\/api.w.org\/{rel}","templated":true}]}}