{"id":2768,"date":"2016-12-16T01:58:05","date_gmt":"2016-12-16T06:58:05","guid":{"rendered":"http:\/\/elinformanteperu.com\/?p=2768"},"modified":"2016-12-16T01:58:05","modified_gmt":"2016-12-16T06:58:05","slug":"congresista-del-castillo-precisa-que-no-voto-a-favor-de-censura-por-conciencia","status":"publish","type":"post","link":"https:\/\/elinformanteperu.com\/index.php\/2016\/12\/16\/congresista-del-castillo-precisa-que-no-voto-a-favor-de-censura-por-conciencia\/","title":{"rendered":"Congresista Del Castillo precisa que no voto a favor de censura por conciencia"},"content":{"rendered":"<p><strong>El legislador aprista Jorge del Castillo inform\u00f3 que no vot\u00f3 a favor de la censura planteada contra el ministro de Educaci\u00f3n, Jaime Saavedra, tal como lo hicieron sus compa\u00f1eros de bancada.<\/strong><\/p>\n<p><strong>Lima, 15 Diciembre 2016, (ANDINA).-<\/strong> El legislador aprista Jorge del Castillo inform\u00f3 que no vot\u00f3 a favor de la censura planteada contra el ministro de Educaci\u00f3n, Jaime Saavedra, tal como lo hicieron sus compa\u00f1eros de bancada.<\/p>\n<p>A trav\u00e9s de su cuenta en la red social Twitter, Del Castillo dijo que tom\u00f3 esa decisi\u00f3n siguiendo a su conciencia.<\/p>\n<p>Acompa\u00f1\u00f3 su comentario con una foto del tablero electr\u00f3nico del Parlamento en la cual se aprecia que no vot\u00f3 a favor de la medida contra el ministro de Educaci\u00f3n.<\/p>\n<p>No obstante, el legislador aprista Mauricio Mulder, tambi\u00e9n integrante de la bancada del Apra, respondi\u00f3 el comentario de Del Castillo con un comentario en el cual record\u00f3 que votar a favor de la censura fue un acuerdo tomado por su partido.<\/p>\n<p>En ese sentido, dijo que apoyar la censura no era un tema de \u201cconciencia\u201d, como se\u00f1al\u00f3 Del Castillo, sino pol\u00edtico.<\/p>\n","protected":false},"excerpt":{"rendered":"<p>El legislador aprista Jorge del Castillo inform\u00f3 que no vot\u00f3 a favor de la censura planteada contra el ministro de Educaci\u00f3n, Jaime Saavedra, tal como lo hicieron sus compa\u00f1eros de bancada. Lima, 15 Diciembre 2016, (ANDINA).- El legislador aprista Jorge del Castillo inform\u00f3 que no vot\u00f3 a favor de la censura planteada contra el ministro [&hellip;]<\/p>\n","protected":false},"author":1,"featured_media":2769,"comment_status":"open","ping_status":"open","sticky":false,"template":"","format":"standard","meta":{"rop_custom_images_group":[],"rop_custom_messages_group":[],"rop_publish_now":"initial","rop_publish_now_accounts":[],"rop_publish_now_history":[],"rop_publish_now_status":"pending","footnotes":""},"categories":[5],"tags":[555,286,554,383],"class_list":["post-2768","post","type-post","status-publish","format-standard","has-post-thumbnail","hentry","category-actualidad-informativa","tag-apra","tag-jaime-saavedra","tag-jorge-del-castillo","tag-mauricio-mulder"],"_links":{"self":[{"href":"https:\/\/elinformanteperu.com\/index.php\/wp-json\/wp\/v2\/posts\/2768","targetHints":{"allow":["GET"]}}],"collection":[{"href":"https:\/\/elinformanteperu.com\/index.php\/wp-json\/wp\/v2\/posts"}],"about":[{"href":"https:\/\/elinformanteperu.com\/index.php\/wp-json\/wp\/v2\/types\/post"}],"author":[{"embeddable":true,"href":"https:\/\/elinformanteperu.com\/index.php\/wp-json\/wp\/v2\/users\/1"}],"replies":[{"embeddable":true,"href":"https:\/\/elinformanteperu.com\/index.php\/wp-json\/wp\/v2\/comments?post=2768"}],"version-history":[{"count":1,"href":"https:\/\/elinformanteperu.com\/index.php\/wp-json\/wp\/v2\/posts\/2768\/revisions"}],"predecessor-version":[{"id":2770,"href":"https:\/\/elinformanteperu.com\/index.php\/wp-json\/wp\/v2\/posts\/2768\/revisions\/2770"}],"wp:featuredmedia":[{"embeddable":true,"href":"https:\/\/elinformanteperu.com\/index.php\/wp-json\/wp\/v2\/media\/2769"}],"wp:attachment":[{"href":"https:\/\/elinformanteperu.com\/index.php\/wp-json\/wp\/v2\/media?parent=2768"}],"wp:term":[{"taxonomy":"category","embeddable":true,"href":"https:\/\/elinformanteperu.com\/index.php\/wp-json\/wp\/v2\/categories?post=2768"},{"taxonomy":"post_tag","embeddable":true,"href":"https:\/\/elinformanteperu.com\/index.php\/wp-json\/wp\/v2\/tags?post=2768"}],"curies":[{"name":"wp","href":"https:\/\/api.w.org\/{rel}","templated":true}]}}