{"id":27546,"date":"2018-05-29T01:38:47","date_gmt":"2018-05-29T06:38:47","guid":{"rendered":"http:\/\/elinformanteperu.com\/?p=27546"},"modified":"2018-05-29T01:43:44","modified_gmt":"2018-05-29T06:43:44","slug":"cuales-son-los-pros-y-contras-de-la-terapia-biologica-en-el-cancer-de-pulmon","status":"publish","type":"post","link":"https:\/\/elinformanteperu.com\/index.php\/2018\/05\/29\/cuales-son-los-pros-y-contras-de-la-terapia-biologica-en-el-cancer-de-pulmon\/","title":{"rendered":"\u00bfCu\u00e1les son los pros y contras de la terapia biol\u00f3gica en el c\u00e1ncer de pulm\u00f3n?"},"content":{"rendered":"<p><strong><span style=\"color: #000000;\">Ante un caso de c\u00e1ncer de pulm\u00f3n, la primera opci\u00f3n es la cirug\u00eda. Sin embargo, cuando la enfermedad ha avanzado se deben considerar otras opciones.<\/span><\/strong><\/p>\n<p><span style=\"color: #000000;\"><strong>Lima, 28 de Mayo 2018, (El Informante Per\u00fa).-<\/strong> Ante un caso de c\u00e1ncer de pulm\u00f3n, la primera opci\u00f3n es la cirug\u00eda. Sin embargo, cuando la enfermedad ha avanzado se deben considerar otras opciones que ayuden tambi\u00e9n a mantener su calidad de vida.<\/span><\/p>\n<p><span style=\"color: #000000;\">El doctor, Carlos Carracedo, director m\u00e9dico de del Centro Oncol\u00f3gico ALIADA, comenta que, de acuerdo con cifras del Ministerio de Salud, el c\u00e1ncer de pulm\u00f3n se encuentra en el noveno lugar de frecuencia, con alrededor del 4% de los casos que se presentan anualmente.<\/span><\/p>\n<p><span style=\"color: #000000;\">Para los pacientes, adem\u00e1s de la radioterapia y la quimioterapia, desde hace una d\u00e9cada tambi\u00e9n se ha sumado el tratamiento biol\u00f3gico y, m\u00e1s reciente, la inmunoterapia. Estos \u00faltimos procedimientos fueron desarrollados para atacar ciertas caracter\u00edsticas moleculares de cada tumor, lo que permite enfrentar el c\u00e1ncer con m\u00e1s precisi\u00f3n.<\/span><\/p>\n<p><span style=\"color: #000000;\">En el caso del tratamiento con terapia biol\u00f3gica, este consiste en el uso de sustancias procedentes de organismos vivos o versiones producidas en el laboratorio de tales sustancias, explica el m\u00e9dico, que puede aplicarse con inyecciones o pastillas.<\/span><\/p>\n<p><strong><span style=\"color: #000000;\">Beneficios<\/span><\/strong><\/p>\n<p><span style=\"color: #000000;\">El m\u00e9dico explica que para el paciente el mayor beneficio es que su enfermedad puede ser controlada por un tiempo m\u00e1s prolongado y con una buena calidad de vida, presentando efectos adversos manejables, que en la gran mayor\u00eda son casi nulos.<\/span><\/p>\n<p><span style=\"color: #000000;\">\u201cNo s\u00f3lo mejora la sobrevida del paciente con c\u00e1ncer de pulm\u00f3n, lo que de por si es un gran logro, sino que mejora la calidad de vida exponencialmente ya que el tratamiento afecta s\u00f3lo tumor, no al resto de nuestro organismo. En nuestro medio existen pacientes con c\u00e1ncer de pulm\u00f3n avanzado desarrollando una vida familiar y laboral en forma normal\u201d, indica.<\/span><\/p>\n<p><span style=\"color: #000000;\">En contraparte, no todos los pacientes pueden ser tratados con esta terapia porque el tumor que presenta puede no contar con las caracter\u00edsticas moleculares para dicho tratamiento. Tambi\u00e9n la falta de medios puede ocasionar que no se haga diagn\u00f3stico completo (al no realizarse pruebas moleculares) y tiene un costo mayor que la quimioterapia (aunque algunos seguros privados cubren al 100% este tratamiento).<\/span><\/p>\n<p><span style=\"color: #000000;\">Carracedo destac\u00f3 la necesidad de que las personas sepan de los avances en los tratamientos, ya que esto permitir\u00e1 que conozcamos las opciones que tenemos y que el panorama no es tan negativo como lo imaginamos en un principio.<\/span><\/p>\n<p><span style=\"color: #000000;\">\u201cLa tasa de sobrevida para los pacientes con c\u00e1ncer de pulm\u00f3n se ha incrementado en los \u00faltimos a\u00f1os. Antes de la llegada de estas medicinas (Biol\u00f3gicos), la sobrevida del paciente con c\u00e1ncer de pulm\u00f3n avanzado estaba alrededor de 7 meses. Actualmente sobrepasamos estas expectativas llegando alrededor de los 18 meses en promedio, es decir hay pacientes que pasan largamente este n\u00famero de meses, teniendo en nuestro centro pacientes que sobrepasan los 3 a\u00f1os\u201d, finaliza.<\/span><\/p>\n<p><strong><span style=\"color: #000000;\">Datos<\/span><\/strong><\/p>\n<p><span style=\"color: #000000;\">\u00b7 La cirug\u00eda est\u00e1 indicada para etapas tempranas del c\u00e1ncer de pulm\u00f3n. Para ello se toma en cuenta el tama\u00f1o del tumor, el compromiso ganglionar y la extensi\u00f3n a otros \u00f3rganos.<\/span><\/p>\n<p><span style=\"color: #000000;\">\u00b7 Aunque no existe un tipo de perfil, s\u00ed se ha establecido que el 90% de casos de c\u00e1ncer se presentan en personas que tienen h\u00e1bitos asociados al tabaco.<\/span><\/p>\n","protected":false},"excerpt":{"rendered":"<p>Ante un caso de c\u00e1ncer de pulm\u00f3n, la primera opci\u00f3n es la cirug\u00eda. Sin embargo, cuando la enfermedad ha avanzado se deben considerar otras opciones. Lima, 28 de Mayo 2018, (El Informante Per\u00fa).- Ante un caso de c\u00e1ncer de pulm\u00f3n, la primera opci\u00f3n es la cirug\u00eda. Sin embargo, cuando la enfermedad ha avanzado se deben [&hellip;]<\/p>\n","protected":false},"author":1,"featured_media":13578,"comment_status":"open","ping_status":"open","sticky":false,"template":"","format":"standard","meta":{"rop_custom_images_group":[],"rop_custom_messages_group":[],"rop_publish_now":"initial","rop_publish_now_accounts":[],"rop_publish_now_history":[],"rop_publish_now_status":"pending","footnotes":""},"categories":[21],"tags":[3179,388],"class_list":["post-27546","post","type-post","status-publish","format-standard","has-post-thumbnail","hentry","category-orientacion","tag-aliada","tag-ministerio-de-salud"],"_links":{"self":[{"href":"https:\/\/elinformanteperu.com\/index.php\/wp-json\/wp\/v2\/posts\/27546","targetHints":{"allow":["GET"]}}],"collection":[{"href":"https:\/\/elinformanteperu.com\/index.php\/wp-json\/wp\/v2\/posts"}],"about":[{"href":"https:\/\/elinformanteperu.com\/index.php\/wp-json\/wp\/v2\/types\/post"}],"author":[{"embeddable":true,"href":"https:\/\/elinformanteperu.com\/index.php\/wp-json\/wp\/v2\/users\/1"}],"replies":[{"embeddable":true,"href":"https:\/\/elinformanteperu.com\/index.php\/wp-json\/wp\/v2\/comments?post=27546"}],"version-history":[{"count":1,"href":"https:\/\/elinformanteperu.com\/index.php\/wp-json\/wp\/v2\/posts\/27546\/revisions"}],"predecessor-version":[{"id":27548,"href":"https:\/\/elinformanteperu.com\/index.php\/wp-json\/wp\/v2\/posts\/27546\/revisions\/27548"}],"wp:featuredmedia":[{"embeddable":true,"href":"https:\/\/elinformanteperu.com\/index.php\/wp-json\/wp\/v2\/media\/13578"}],"wp:attachment":[{"href":"https:\/\/elinformanteperu.com\/index.php\/wp-json\/wp\/v2\/media?parent=27546"}],"wp:term":[{"taxonomy":"category","embeddable":true,"href":"https:\/\/elinformanteperu.com\/index.php\/wp-json\/wp\/v2\/categories?post=27546"},{"taxonomy":"post_tag","embeddable":true,"href":"https:\/\/elinformanteperu.com\/index.php\/wp-json\/wp\/v2\/tags?post=27546"}],"curies":[{"name":"wp","href":"https:\/\/api.w.org\/{rel}","templated":true}]}}