{"id":27324,"date":"2018-05-24T23:09:51","date_gmt":"2018-05-25T04:09:51","guid":{"rendered":"http:\/\/elinformanteperu.com\/?p=27324"},"modified":"2018-05-24T23:09:51","modified_gmt":"2018-05-25T04:09:51","slug":"luis-suarez-se-solidariza-y-apoya-a-paolo-guerrero","status":"publish","type":"post","link":"https:\/\/elinformanteperu.com\/index.php\/2018\/05\/24\/luis-suarez-se-solidariza-y-apoya-a-paolo-guerrero\/","title":{"rendered":"Luis Su\u00e1rez se solidariza y apoya a Paolo Guerrero"},"content":{"rendered":"<p><strong><span style=\"color: #000000;\">El delantero de Uruguay y del Barcelona, Luis Su\u00e1rez, expres\u00f3 su solidaridad con el capit\u00e1n peruano, Paolo Guerrero, quien no estar\u00e1 presente en Rusia 2018.<\/span><\/strong><\/p>\n<p><span style=\"color: #000000;\"><strong>Lima, 24 de Mayo 2018, (ANDINA).-<\/strong> El delantero de Uruguay y estrella del Barcelona, Luis Su\u00e1rez, expres\u00f3 su solidaridad con el capit\u00e1n de la selecci\u00f3n peruana, Paolo Guerrero, quien no estar\u00e1 presente en el Mundial de Rusia 2018.<\/span><\/p>\n<p><span style=\"color: #000000;\">\u00abMi solidaridad con Paolo Guerrero en este momento dif\u00edcil. Yo te apoyo\u00bb, manifest\u00f3 Luis Su\u00e1rez.<\/span><\/p>\n<p><span style=\"color: #000000;\">En tanto, el capit\u00e1n de la selecci\u00f3n uruguaya, Diego God\u00edn, manifest\u00f3 a trav\u00e9s de su cuenta de Twitter su respaldo al delantero Paolo Guerrero, as\u00ed como a la carta de los capitanes de Australia, Francia y Dinamarca en la que piden que el goleador pueda jugar el Mundial de Rusia.<\/span><\/p>\n<p><span style=\"color: #000000;\">\u00abNuestro apoyo a Paolo Guerrero en este momento dif\u00edcil. Nosotros tambi\u00e9n nos solidarizamos!\u00bb, public\u00f3 el capit\u00e1n de la Celeste, inform\u00f3 la agencia \u00abEfe\u00bb.<\/span><\/p>\n<p><span style=\"color: #000000;\">Aludi\u00f3, asimismo, a la carta suscrita por el australiano Mile Jedinak, el dan\u00e9s Simon Kjaer y el franc\u00e9s Hugo Lloris en la que solicitan a la FIFA suspender provisionalmente la inhabilitaci\u00f3n a Guerrero por dopaje.<\/span><\/p>\n<p><span style=\"color: #000000;\">El goleador peruano fue inhabilitado por 14 meses por el Tribunal de Arbitraje Deportivo (TAS) en un fallo emitido el 3 de mayo, por haber dado positivo tras un partido de clasificaci\u00f3n para el Mundial jugado el 5 de octubre del 2017 contra Argentina.<\/span><\/p>\n<p><img fetchpriority=\"high\" decoding=\"async\" class=\"aligncenter size-full wp-image-27327\" src=\"http:\/\/elinformanteperu.com\/wp-content\/uploads\/2018\/05\/suarez-guerrero-1.jpg\" alt=\"\" width=\"1800\" height=\"1512\" srcset=\"https:\/\/elinformanteperu.com\/wp-content\/uploads\/2018\/05\/suarez-guerrero-1.jpg 1800w, https:\/\/elinformanteperu.com\/wp-content\/uploads\/2018\/05\/suarez-guerrero-1-300x252.jpg 300w, https:\/\/elinformanteperu.com\/wp-content\/uploads\/2018\/05\/suarez-guerrero-1-768x645.jpg 768w, https:\/\/elinformanteperu.com\/wp-content\/uploads\/2018\/05\/suarez-guerrero-1-1024x860.jpg 1024w, https:\/\/elinformanteperu.com\/wp-content\/uploads\/2018\/05\/suarez-guerrero-1-128x108.jpg 128w, https:\/\/elinformanteperu.com\/wp-content\/uploads\/2018\/05\/suarez-guerrero-1-32x27.jpg 32w\" sizes=\"(max-width: 1800px) 100vw, 1800px\" \/><\/p>\n","protected":false},"excerpt":{"rendered":"<p>El delantero de Uruguay y del Barcelona, Luis Su\u00e1rez, expres\u00f3 su solidaridad con el capit\u00e1n peruano, Paolo Guerrero, quien no estar\u00e1 presente en Rusia 2018. Lima, 24 de Mayo 2018, (ANDINA).- El delantero de Uruguay y estrella del Barcelona, Luis Su\u00e1rez, expres\u00f3 su solidaridad con el capit\u00e1n de la selecci\u00f3n peruana, Paolo Guerrero, quien no [&hellip;]<\/p>\n","protected":false},"author":1,"featured_media":5061,"comment_status":"open","ping_status":"open","sticky":false,"template":"","format":"standard","meta":{"rop_custom_images_group":[],"rop_custom_messages_group":[],"rop_publish_now":"initial","rop_publish_now_accounts":[],"rop_publish_now_history":[],"rop_publish_now_status":"pending","footnotes":""},"categories":[8],"tags":[268,818,203,1577],"class_list":["post-27324","post","type-post","status-publish","format-standard","has-post-thumbnail","hentry","category-disciplinas-deportivas","tag-fifa","tag-luis-suarez","tag-paolo-guerrero","tag-tas"],"_links":{"self":[{"href":"https:\/\/elinformanteperu.com\/index.php\/wp-json\/wp\/v2\/posts\/27324","targetHints":{"allow":["GET"]}}],"collection":[{"href":"https:\/\/elinformanteperu.com\/index.php\/wp-json\/wp\/v2\/posts"}],"about":[{"href":"https:\/\/elinformanteperu.com\/index.php\/wp-json\/wp\/v2\/types\/post"}],"author":[{"embeddable":true,"href":"https:\/\/elinformanteperu.com\/index.php\/wp-json\/wp\/v2\/users\/1"}],"replies":[{"embeddable":true,"href":"https:\/\/elinformanteperu.com\/index.php\/wp-json\/wp\/v2\/comments?post=27324"}],"version-history":[{"count":1,"href":"https:\/\/elinformanteperu.com\/index.php\/wp-json\/wp\/v2\/posts\/27324\/revisions"}],"predecessor-version":[{"id":27328,"href":"https:\/\/elinformanteperu.com\/index.php\/wp-json\/wp\/v2\/posts\/27324\/revisions\/27328"}],"wp:featuredmedia":[{"embeddable":true,"href":"https:\/\/elinformanteperu.com\/index.php\/wp-json\/wp\/v2\/media\/5061"}],"wp:attachment":[{"href":"https:\/\/elinformanteperu.com\/index.php\/wp-json\/wp\/v2\/media?parent=27324"}],"wp:term":[{"taxonomy":"category","embeddable":true,"href":"https:\/\/elinformanteperu.com\/index.php\/wp-json\/wp\/v2\/categories?post=27324"},{"taxonomy":"post_tag","embeddable":true,"href":"https:\/\/elinformanteperu.com\/index.php\/wp-json\/wp\/v2\/tags?post=27324"}],"curies":[{"name":"wp","href":"https:\/\/api.w.org\/{rel}","templated":true}]}}