{"id":27317,"date":"2018-05-24T21:38:14","date_gmt":"2018-05-25T02:38:14","guid":{"rendered":"http:\/\/elinformanteperu.com\/?p=27317"},"modified":"2018-05-24T21:38:14","modified_gmt":"2018-05-25T02:38:14","slug":"seleccion-peruana-trauco-llego-a-lima-y-completa-la-lista-de-convocados-para-el-mundial","status":"publish","type":"post","link":"https:\/\/elinformanteperu.com\/index.php\/2018\/05\/24\/seleccion-peruana-trauco-llego-a-lima-y-completa-la-lista-de-convocados-para-el-mundial\/","title":{"rendered":"Selecci\u00f3n peruana: Trauco lleg\u00f3 a Lima y completa la lista de convocados para el Mundial"},"content":{"rendered":"<p><strong><span style=\"color: #000000;\">El lateral de la selecci\u00f3n peruana, Miguel Trauco, arrib\u00f3 a Lima esta ma\u00f1ana para sumarse a los entrenamientos de la Bicolor, completando as\u00ed los 24 futbolistas peruanos convocados.<\/span><\/strong><\/p>\n<p><span style=\"color: #000000;\"><strong>Lima, 24 de Mayo 2018, (ANDINA).-<\/strong> El lateral de la selecci\u00f3n peruana, Miguel Trauco, arrib\u00f3 a Lima esta ma\u00f1ana para sumarse a los entrenamientos de la Bicolor, completando as\u00ed los 24 futbolistas peruanos convocados de la lista preliminar para participar en el Mundial de Rusia 2018.<\/span><\/p>\n<p><span style=\"color: #000000;\">Trauco manifest\u00f3 que ha entrenado bien pese a que no ha estado jugando en el equipo titular del Flamengo de Brasil.<\/span><\/p>\n<p><span style=\"color: #000000;\">\u00abHe tratado de mantenerme bien, entrenar a conciencia, sobre todo con la motivaci\u00f3n de jugar el Mundial\u201d, refiri\u00f3.<\/span><\/p>\n<p><span style=\"color: #000000;\">Tambi\u00e9n se pronunci\u00f3 sobre la situaci\u00f3n del delantero y capit\u00e1n de la selecci\u00f3n peruana, Paolo Guerrero, cuyas posibilidades de jugar el Mundial de Rusia 2018 son cada vez menores.<\/span><\/p>\n<p><span style=\"color: #000000;\">\u201cLa selecci\u00f3n estar\u00eda mejor con Paolo. Todav\u00eda no est\u00e1 todo dicho. Hay quienes dan por hecho que Paolo no va a estar, pero a\u00fan hay esperanzas\u201d, refiri\u00f3.<\/span><\/p>\n<p><iframe src=\"https:\/\/www.youtube-nocookie.com\/embed\/-37rHQmt8FQ?rel=0&amp;controls=0&amp;showinfo=0\" width=\"560\" height=\"315\" frameborder=\"0\" allowfullscreen=\"allowfullscreen\"><\/iframe><\/p>\n","protected":false},"excerpt":{"rendered":"<p>El lateral de la selecci\u00f3n peruana, Miguel Trauco, arrib\u00f3 a Lima esta ma\u00f1ana para sumarse a los entrenamientos de la Bicolor, completando as\u00ed los 24 futbolistas peruanos convocados. Lima, 24 de Mayo 2018, (ANDINA).- El lateral de la selecci\u00f3n peruana, Miguel Trauco, arrib\u00f3 a Lima esta ma\u00f1ana para sumarse a los entrenamientos de la Bicolor, [&hellip;]<\/p>\n","protected":false},"author":1,"featured_media":27319,"comment_status":"open","ping_status":"open","sticky":false,"template":"","format":"standard","meta":{"rop_custom_images_group":[],"rop_custom_messages_group":[],"rop_publish_now":"initial","rop_publish_now_accounts":[],"rop_publish_now_history":[],"rop_publish_now_status":"pending","footnotes":""},"categories":[8],"tags":[519,137],"class_list":["post-27317","post","type-post","status-publish","format-standard","has-post-thumbnail","hentry","category-disciplinas-deportivas","tag-miguel-trauco","tag-seleccion-peruana"],"_links":{"self":[{"href":"https:\/\/elinformanteperu.com\/index.php\/wp-json\/wp\/v2\/posts\/27317","targetHints":{"allow":["GET"]}}],"collection":[{"href":"https:\/\/elinformanteperu.com\/index.php\/wp-json\/wp\/v2\/posts"}],"about":[{"href":"https:\/\/elinformanteperu.com\/index.php\/wp-json\/wp\/v2\/types\/post"}],"author":[{"embeddable":true,"href":"https:\/\/elinformanteperu.com\/index.php\/wp-json\/wp\/v2\/users\/1"}],"replies":[{"embeddable":true,"href":"https:\/\/elinformanteperu.com\/index.php\/wp-json\/wp\/v2\/comments?post=27317"}],"version-history":[{"count":1,"href":"https:\/\/elinformanteperu.com\/index.php\/wp-json\/wp\/v2\/posts\/27317\/revisions"}],"predecessor-version":[{"id":27320,"href":"https:\/\/elinformanteperu.com\/index.php\/wp-json\/wp\/v2\/posts\/27317\/revisions\/27320"}],"wp:featuredmedia":[{"embeddable":true,"href":"https:\/\/elinformanteperu.com\/index.php\/wp-json\/wp\/v2\/media\/27319"}],"wp:attachment":[{"href":"https:\/\/elinformanteperu.com\/index.php\/wp-json\/wp\/v2\/media?parent=27317"}],"wp:term":[{"taxonomy":"category","embeddable":true,"href":"https:\/\/elinformanteperu.com\/index.php\/wp-json\/wp\/v2\/categories?post=27317"},{"taxonomy":"post_tag","embeddable":true,"href":"https:\/\/elinformanteperu.com\/index.php\/wp-json\/wp\/v2\/tags?post=27317"}],"curies":[{"name":"wp","href":"https:\/\/api.w.org\/{rel}","templated":true}]}}