{"id":27263,"date":"2018-05-22T23:43:57","date_gmt":"2018-05-23T04:43:57","guid":{"rendered":"http:\/\/elinformanteperu.com\/?p=27263"},"modified":"2018-05-22T23:44:15","modified_gmt":"2018-05-23T04:44:15","slug":"kenji-fujimori-dice-que-turbulencias-en-fujimorismo-son-pugnas-por-fuerza-popular","status":"publish","type":"post","link":"https:\/\/elinformanteperu.com\/index.php\/2018\/05\/22\/kenji-fujimori-dice-que-turbulencias-en-fujimorismo-son-pugnas-por-fuerza-popular\/","title":{"rendered":"Kenji Fujimori dice que \u201cturbulencias\u201d en fujimorismo son pugnas por Fuerza Popular"},"content":{"rendered":"<p><strong><span style=\"color: #000000;\">El congresista Kenji Fujimori asegur\u00f3 que la \u201cturbulencia pol\u00edtica\u201d en el fujimorismo se debe a pugnas por el control de Fuerza Popular (FP).<\/span><\/strong><\/p>\n<p><span style=\"color: #000000;\"><strong>Lima, 22 de Mayo 2018, (ANDINA).-<\/strong> El congresista Kenji Fujimori asegur\u00f3 que la \u201cturbulencia pol\u00edtica\u201d en el fujimorismo se debe a pugnas por el control de Fuerza Popular (FP) y confirm\u00f3 que no habla con su hermana Keiko desde la primera vacancia de Pedro Pablo Kuczynski.<\/span><\/p>\n<p><span style=\"color: #000000;\">Precis\u00f3 que a ra\u00edz de la crisis que enfrenta el fujimorismo se ha preguntado si vali\u00f3 la pena luchar por la libertad de su padre, Alberto Fujimori, y su repuesta ha sido que s\u00ed, porque pasear y desayunar con su padre \u201clo es todo\u201d.<\/span><\/p>\n<p><span style=\"color: #000000;\">En ese sentido, indic\u00f3 que le duele la posibilidad de que su padre pueda regresar a prisi\u00f3n y que Fuerza Popular haya cuestionado el indulto humanitario concedido por Kuczynski tras haber superado la primera vacancia.<\/span><\/p>\n<p><span style=\"color: #000000;\">En declaraciones a Canal N, Kenji Fujimori, cuyo pedido de desafuero se ver\u00e1 ma\u00f1ana en la Comisi\u00f3n de Permanente del Congreso, refiri\u00f3 que el distanciamiento con su hermana Keiko es real.<\/span><\/p>\n<p><span style=\"color: #000000;\">\u201cNo es armado, las l\u00e1grimas de mi madre no son armada, el sufrimiento de mi padre no es armado, si se da una reconciliaci\u00f3n a buena hora, no me voy a oponer. No quiero ver sufrir a mis padres\u201d, refiri\u00f3.<\/span><\/p>\n<p><span style=\"color: #000000;\">Coment\u00f3 que no habla con su hermana Keiko Fujimori desde la primera vacancia contra Kuczynski, en diciembre, cuando vot\u00f3 en contra de esta iniciativa alentada por su bancada, junto a nueve parlamentarios que se apartaron del partido.<\/span><\/p>\n<p><span style=\"color: #000000;\">\u201cDesde la primera vacancia todo fue un tempano de hielo. A partir de ah\u00ed no conversamos pese a que nos encontramos en la cl\u00ednica Centenario (el d\u00eda del indulto a Alberto Fujimori), nos cruzamos, pero no nos saludamos. Hay un distanciamiento y no es armado\u201d, afirm\u00f3.<\/span><\/p>\n<p><span style=\"color: #000000;\">Precis\u00f3 que el origen de esa \u201cturbulencia pol\u00edtica es la pugna por el poder en FP\u201d y se expres\u00f3 en sus cuestionamientos al entorno que rodea a su hermana, en los reiterados fracasos electorales, en el manejo de la banca y la relaci\u00f3n con el Ejecutivo.<\/span><\/p>\n<p><span style=\"color: #000000;\">\u201cSon puntos de vista diferentes de hacer pol\u00edtica. La bancada no es club de amigos con pensamiento \u00fanico, lo que fortalece al partido es la discrepancia y el debate interno y externo. Eso no era permitido en FP\u201d, refiri\u00f3.<\/span><\/p>\n<p><span style=\"color: #000000;\">Refri\u00f3, sin embargo, que una cosa es discrepar pol\u00edticamente con argumento y otra judicializar la pol\u00edtica y poner en riesgo su libertad.<\/span><\/p>\n<p><strong><span style=\"color: #000000;\">Proceso de desafuero<\/span><\/strong><\/p>\n<p><span style=\"color: #000000;\">Julio Rodr\u00edguez, abogado de Kenji Fujimori, indic\u00f3 que ma\u00f1ana se presentar\u00e1n ante la Comisi\u00f3n de Permanente para asumir su defensa en las investigaciones por los \u2018mamavideos\u2019 y la presunta compra de votos, caso por el cual se recomienda su desafuero.<\/span><\/p>\n<p><span style=\"color: #000000;\">El abogado dijo que hay una \u201ccontaminaci\u00f3n de las reglas de juego\u201d en este caso dado que hoy se redujo de 17 a 15 el n\u00famero de integrantes de FP en la Comisi\u00f3n Permanente e increment\u00f3 en dos los integrantes de Peruanos por el Kambio.<\/span><\/p>\n<p><span style=\"color: #000000;\">Los cambios, seg\u00fan dijo, permitir\u00e1n que m\u00e1s integrantes de FP voten el pleno a favor de la vacancia, dado que el reglamento del Congreso impide que los integrantes de la Comisi\u00f3n de Constituci\u00f3n participen en la votaci\u00f3n.<\/span><\/p>\n<p><iframe src=\"https:\/\/www.youtube-nocookie.com\/embed\/9mlOqbzr0uk?rel=0&amp;controls=0&amp;showinfo=0\" width=\"560\" height=\"315\" frameborder=\"0\" allowfullscreen=\"allowfullscreen\"><\/iframe><\/p>\n","protected":false},"excerpt":{"rendered":"<p>El congresista Kenji Fujimori asegur\u00f3 que la \u201cturbulencia pol\u00edtica\u201d en el fujimorismo se debe a pugnas por el control de Fuerza Popular (FP). Lima, 22 de Mayo 2018, (ANDINA).- El congresista Kenji Fujimori asegur\u00f3 que la \u201cturbulencia pol\u00edtica\u201d en el fujimorismo se debe a pugnas por el control de Fuerza Popular (FP) y confirm\u00f3 que [&hellip;]<\/p>\n","protected":false},"author":1,"featured_media":24445,"comment_status":"open","ping_status":"open","sticky":false,"template":"","format":"standard","meta":{"rop_custom_images_group":[],"rop_custom_messages_group":[],"rop_publish_now":"initial","rop_publish_now_accounts":[],"rop_publish_now_history":[],"rop_publish_now_status":"pending","footnotes":""},"categories":[5],"tags":[192,295,557,527],"class_list":["post-27263","post","type-post","status-publish","format-standard","has-post-thumbnail","hentry","category-actualidad-informativa","tag-congreso","tag-fuerza-popular","tag-keiko-fujimori","tag-kenji-fujimori"],"_links":{"self":[{"href":"https:\/\/elinformanteperu.com\/index.php\/wp-json\/wp\/v2\/posts\/27263","targetHints":{"allow":["GET"]}}],"collection":[{"href":"https:\/\/elinformanteperu.com\/index.php\/wp-json\/wp\/v2\/posts"}],"about":[{"href":"https:\/\/elinformanteperu.com\/index.php\/wp-json\/wp\/v2\/types\/post"}],"author":[{"embeddable":true,"href":"https:\/\/elinformanteperu.com\/index.php\/wp-json\/wp\/v2\/users\/1"}],"replies":[{"embeddable":true,"href":"https:\/\/elinformanteperu.com\/index.php\/wp-json\/wp\/v2\/comments?post=27263"}],"version-history":[{"count":2,"href":"https:\/\/elinformanteperu.com\/index.php\/wp-json\/wp\/v2\/posts\/27263\/revisions"}],"predecessor-version":[{"id":27266,"href":"https:\/\/elinformanteperu.com\/index.php\/wp-json\/wp\/v2\/posts\/27263\/revisions\/27266"}],"wp:featuredmedia":[{"embeddable":true,"href":"https:\/\/elinformanteperu.com\/index.php\/wp-json\/wp\/v2\/media\/24445"}],"wp:attachment":[{"href":"https:\/\/elinformanteperu.com\/index.php\/wp-json\/wp\/v2\/media?parent=27263"}],"wp:term":[{"taxonomy":"category","embeddable":true,"href":"https:\/\/elinformanteperu.com\/index.php\/wp-json\/wp\/v2\/categories?post=27263"},{"taxonomy":"post_tag","embeddable":true,"href":"https:\/\/elinformanteperu.com\/index.php\/wp-json\/wp\/v2\/tags?post=27263"}],"curies":[{"name":"wp","href":"https:\/\/api.w.org\/{rel}","templated":true}]}}