{"id":27142,"date":"2018-05-21T23:43:46","date_gmt":"2018-05-22T04:43:46","guid":{"rendered":"http:\/\/elinformanteperu.com\/?p=27142"},"modified":"2018-05-21T23:43:46","modified_gmt":"2018-05-22T04:43:46","slug":"nuevo-trailer-de-margarita-2-y-la-banda-de-los-hermanos-mayores","status":"publish","type":"post","link":"https:\/\/elinformanteperu.com\/index.php\/2018\/05\/21\/nuevo-trailer-de-margarita-2-y-la-banda-de-los-hermanos-mayores\/","title":{"rendered":"Nuevo trailer de \u00abMargarita 2 y la banda de los hermanos mayores\u00bb"},"content":{"rendered":"<p><strong><span style=\"color: #000000;\">La Soga Producciones, ElefanteMiope y BF Distribution anunciaron su pr\u00f3ximo gran estreno nacional: \u201cMargarita 2 y la banda de los hermanos mayores\u201d.<\/span><\/strong><\/p>\n<p><span style=\"color: #000000;\"><strong>Lima, 21 de Mayo 2018, (El Informante Per\u00fa).-<\/strong> \u00a1Margarita vuelve! Y el trailer fue lanzado el viernes de la semana pasada a trav\u00e9s de las redes oficiales, en simult\u00e1neo con todos los cines a nivel nacional.<\/span><\/p>\n<p><span style=\"color: #000000;\">Margarita, una de las pel\u00edculas m\u00e1s taquilleras del cine nacional, est\u00e1 de vuelta. La peque\u00f1a Francisca Aronsson, junto a un destacado reparto de primeras figuras como Giovanni Ciccia, Vanessa Saba, Melania Urbina, Ivonne Frayssinet y C\u00e9sar Ritter, regresar\u00e1n a la pantalla grande con algunas sorpresas y nuevas aventuras en \u00abMargarita 2 y la banda de los hermanos mayores\u00bb la primera semana de agosto.<\/span><\/p>\n<p><img fetchpriority=\"high\" decoding=\"async\" class=\"aligncenter wp-image-27144\" src=\"http:\/\/elinformanteperu.com\/wp-content\/uploads\/2018\/05\/margarita-2.jpg\" alt=\"\" width=\"409\" height=\"579\" srcset=\"https:\/\/elinformanteperu.com\/wp-content\/uploads\/2018\/05\/margarita-2.jpg 600w, https:\/\/elinformanteperu.com\/wp-content\/uploads\/2018\/05\/margarita-2-212x300.jpg 212w, https:\/\/elinformanteperu.com\/wp-content\/uploads\/2018\/05\/margarita-2-90x128.jpg 90w, https:\/\/elinformanteperu.com\/wp-content\/uploads\/2018\/05\/margarita-2-23x32.jpg 23w\" sizes=\"(max-width: 409px) 100vw, 409px\" \/><\/p>\n<p><span style=\"color: #000000;\">Esta segunda parte cuenta, adem\u00e1s, con la presencia de los experimentados Gustavo Bueno, Tatiana Espinoza y Emilram Coss\u00edo; y los talentos de Tadeo Congrains, Micaela Barrera y Dayiro Casta\u00f1eda, como \u201cla banda de los hermanos mayores\u201d.<\/span><\/p>\n<p><span style=\"color: #000000;\">Nuevamente bajo la direcci\u00f3n del destacado cineasta Frank P\u00e9rez Garland y en la producci\u00f3n a Gustavo S\u00e1nchez, esta producci\u00f3n nacional llega a los cines el 2 de agosto de este a\u00f1o.<\/span><\/p>\n<p><iframe src=\"https:\/\/www.youtube-nocookie.com\/embed\/q7slHFebjls?rel=0&amp;controls=0&amp;showinfo=0\" width=\"560\" height=\"315\" frameborder=\"0\" allowfullscreen=\"allowfullscreen\"><\/iframe><\/p>\n","protected":false},"excerpt":{"rendered":"<p>La Soga Producciones, ElefanteMiope y BF Distribution anunciaron su pr\u00f3ximo gran estreno nacional: \u201cMargarita 2 y la banda de los hermanos mayores\u201d. Lima, 21 de Mayo 2018, (El Informante Per\u00fa).- \u00a1Margarita vuelve! Y el trailer fue lanzado el viernes de la semana pasada a trav\u00e9s de las redes oficiales, en simult\u00e1neo con todos los cines [&hellip;]<\/p>\n","protected":false},"author":1,"featured_media":24220,"comment_status":"open","ping_status":"open","sticky":false,"template":"","format":"standard","meta":{"rop_custom_images_group":[],"rop_custom_messages_group":[],"rop_publish_now":"initial","rop_publish_now_accounts":[],"rop_publish_now_history":[],"rop_publish_now_status":"pending","footnotes":""},"categories":[7],"tags":[1807,2933],"class_list":["post-27142","post","type-post","status-publish","format-standard","has-post-thumbnail","hentry","category-butaca","tag-bf-distribution","tag-margarita-y-la-banda-de-los-hermanos-mayores"],"_links":{"self":[{"href":"https:\/\/elinformanteperu.com\/index.php\/wp-json\/wp\/v2\/posts\/27142","targetHints":{"allow":["GET"]}}],"collection":[{"href":"https:\/\/elinformanteperu.com\/index.php\/wp-json\/wp\/v2\/posts"}],"about":[{"href":"https:\/\/elinformanteperu.com\/index.php\/wp-json\/wp\/v2\/types\/post"}],"author":[{"embeddable":true,"href":"https:\/\/elinformanteperu.com\/index.php\/wp-json\/wp\/v2\/users\/1"}],"replies":[{"embeddable":true,"href":"https:\/\/elinformanteperu.com\/index.php\/wp-json\/wp\/v2\/comments?post=27142"}],"version-history":[{"count":1,"href":"https:\/\/elinformanteperu.com\/index.php\/wp-json\/wp\/v2\/posts\/27142\/revisions"}],"predecessor-version":[{"id":27145,"href":"https:\/\/elinformanteperu.com\/index.php\/wp-json\/wp\/v2\/posts\/27142\/revisions\/27145"}],"wp:featuredmedia":[{"embeddable":true,"href":"https:\/\/elinformanteperu.com\/index.php\/wp-json\/wp\/v2\/media\/24220"}],"wp:attachment":[{"href":"https:\/\/elinformanteperu.com\/index.php\/wp-json\/wp\/v2\/media?parent=27142"}],"wp:term":[{"taxonomy":"category","embeddable":true,"href":"https:\/\/elinformanteperu.com\/index.php\/wp-json\/wp\/v2\/categories?post=27142"},{"taxonomy":"post_tag","embeddable":true,"href":"https:\/\/elinformanteperu.com\/index.php\/wp-json\/wp\/v2\/tags?post=27142"}],"curies":[{"name":"wp","href":"https:\/\/api.w.org\/{rel}","templated":true}]}}