{"id":2713,"date":"2016-12-15T23:30:32","date_gmt":"2016-12-16T04:30:32","guid":{"rendered":"http:\/\/elinformanteperu.com\/?p=2713"},"modified":"2016-12-15T23:30:32","modified_gmt":"2016-12-16T04:30:32","slug":"rafaela-carra-anuncio-su-retiro-de-la-television","status":"publish","type":"post","link":"https:\/\/elinformanteperu.com\/index.php\/2016\/12\/15\/rafaela-carra-anuncio-su-retiro-de-la-television\/","title":{"rendered":"Rafaela Carr\u00e1 anunci\u00f3 su retiro de la televisi\u00f3n"},"content":{"rendered":"<p><strong>La c\u00e9lebre vedette italiana Raffaella Carr\u00e1 anunci\u00f3 su retiro de la televisi\u00f3n &#8216;para dar espacio a nuevos valores&#8217;. Carr\u00e1 declin\u00f3 una invitaci\u00f3n para retornar a la televisi\u00f3n.<\/strong><\/p>\n<p><strong>Roma, 15 Diciembre 2016, (PL).-<\/strong> La c\u00e9lebre vedette italiana Raffaella Carr\u00e1 anunci\u00f3 su retiro de la televisi\u00f3n &#8216;para dar espacio a nuevos valores&#8217;, informan medios de prensa.<\/p>\n<p>En declaraciones desde Madrid al programa de la peque\u00f1a pantalla Domenica Live, Carr\u00e1 declin\u00f3 una invitaci\u00f3n para retornar a la televisi\u00f3n de su pa\u00eds, a la cual dijo le debe mucho, pero es el momento de &#8216;ceder el paso a nuevos talentos&#8217; y destac\u00f3 entre ellos a la actriz, bailarina y cantante Manuela Zero.<\/p>\n<p>La conocida diva se destac\u00f3 como presentadora de programas de televisi\u00f3n a partir de la d\u00e9cada de 1970. Entre los m\u00e1s recordados est\u00e1n &#8216;Pronto Raffaella&#8217; (1983-1985), en la Radio y Televisi\u00f3n Italianas (RAI) y &#8216;\u00c2\u00edHola Raffaella!&#8217; (1992-1994), en Televisi\u00f3n Espa\u00f1ola (TVE).<\/p>\n<p>A partir de 2008, a petici\u00f3n del p\u00fablico, Carr\u00e1 condujo el espect\u00e1culo de variedades &#8216;\u00c2\u00ed Carramba!&#8217;, transmitido por la RAI y otras redes televisivas internacionales.<\/p>\n<p>Nacida en la ciudad de Bolo\u00f1a el 18 de julio de 1943 como Maria Raffaella Roberta Pelloni, incursion\u00f3 en la vida art\u00edstica a los ocho a\u00f1os cuando ingres\u00f3 en la Academia Nacional de Danza en Roma.<\/p>\n<p>M\u00e1s tarde hizo carrera en el cine, con cinco pel\u00edculas, la primera con el personaje de Graziella, en Tormento del pasado (1952) y la \u00faltima con &#8216;Il vostro super agente Flit&#8217; (1966).<\/p>\n<p>En la d\u00e9cada de 1960 dio un giro a su vida art\u00edstica y apareci\u00f3 como presentadora de espect\u00e1culos variados de la televisi\u00f3n italiana, cantante y bailarina con coreograf\u00edas desbordantes de gracia y profesionalidad, que le hicieron conquistar la fama en Am\u00e9rica y Europa.<\/p>\n<p><iframe src=\"https:\/\/www.youtube-nocookie.com\/embed\/J9l57MB5pdc?rel=0&amp;controls=0&amp;showinfo=0\" width=\"560\" height=\"315\" frameborder=\"0\" allowfullscreen=\"allowfullscreen\"><\/iframe><\/p>\n","protected":false},"excerpt":{"rendered":"<p>La c\u00e9lebre vedette italiana Raffaella Carr\u00e1 anunci\u00f3 su retiro de la televisi\u00f3n &#8216;para dar espacio a nuevos valores&#8217;. Carr\u00e1 declin\u00f3 una invitaci\u00f3n para retornar a la televisi\u00f3n. Roma, 15 Diciembre 2016, (PL).- La c\u00e9lebre vedette italiana Raffaella Carr\u00e1 anunci\u00f3 su retiro de la televisi\u00f3n &#8216;para dar espacio a nuevos valores&#8217;, informan medios de prensa. En [&hellip;]<\/p>\n","protected":false},"author":1,"featured_media":2714,"comment_status":"open","ping_status":"open","sticky":false,"template":"","format":"standard","meta":{"rop_custom_images_group":[],"rop_custom_messages_group":[],"rop_publish_now":"initial","rop_publish_now_accounts":[],"rop_publish_now_history":[],"rop_publish_now_status":"pending","footnotes":""},"categories":[69],"tags":[537],"class_list":["post-2713","post","type-post","status-publish","format-standard","has-post-thumbnail","hentry","category-musica","tag-raffaella-carra"],"_links":{"self":[{"href":"https:\/\/elinformanteperu.com\/index.php\/wp-json\/wp\/v2\/posts\/2713","targetHints":{"allow":["GET"]}}],"collection":[{"href":"https:\/\/elinformanteperu.com\/index.php\/wp-json\/wp\/v2\/posts"}],"about":[{"href":"https:\/\/elinformanteperu.com\/index.php\/wp-json\/wp\/v2\/types\/post"}],"author":[{"embeddable":true,"href":"https:\/\/elinformanteperu.com\/index.php\/wp-json\/wp\/v2\/users\/1"}],"replies":[{"embeddable":true,"href":"https:\/\/elinformanteperu.com\/index.php\/wp-json\/wp\/v2\/comments?post=2713"}],"version-history":[{"count":1,"href":"https:\/\/elinformanteperu.com\/index.php\/wp-json\/wp\/v2\/posts\/2713\/revisions"}],"predecessor-version":[{"id":2715,"href":"https:\/\/elinformanteperu.com\/index.php\/wp-json\/wp\/v2\/posts\/2713\/revisions\/2715"}],"wp:featuredmedia":[{"embeddable":true,"href":"https:\/\/elinformanteperu.com\/index.php\/wp-json\/wp\/v2\/media\/2714"}],"wp:attachment":[{"href":"https:\/\/elinformanteperu.com\/index.php\/wp-json\/wp\/v2\/media?parent=2713"}],"wp:term":[{"taxonomy":"category","embeddable":true,"href":"https:\/\/elinformanteperu.com\/index.php\/wp-json\/wp\/v2\/categories?post=2713"},{"taxonomy":"post_tag","embeddable":true,"href":"https:\/\/elinformanteperu.com\/index.php\/wp-json\/wp\/v2\/tags?post=2713"}],"curies":[{"name":"wp","href":"https:\/\/api.w.org\/{rel}","templated":true}]}}