{"id":27098,"date":"2018-05-21T21:24:54","date_gmt":"2018-05-22T02:24:54","guid":{"rendered":"http:\/\/elinformanteperu.com\/?p=27098"},"modified":"2018-05-21T21:24:54","modified_gmt":"2018-05-22T02:24:54","slug":"juan-diego-florez-en-concierto-de-gala-previo-al-mundial","status":"publish","type":"post","link":"https:\/\/elinformanteperu.com\/index.php\/2018\/05\/21\/juan-diego-florez-en-concierto-de-gala-previo-al-mundial\/","title":{"rendered":"Juan Diego Fl\u00f3rez en concierto de gala previo al Mundial"},"content":{"rendered":"<p><strong><span style=\"color: #000000;\">Juan Diego Fl\u00f3rez protagonizar\u00e1, el pr\u00f3ximo mi\u00e9rcoles 13 de junio, un concierto de gala \u00fanico en la hist\u00f3rica Plaza Roja de Mosc\u00fa junto a grandes estrellas mundiales de la l\u00edrica.<\/span><\/strong><\/p>\n<p><span style=\"color: #000000;\"><strong>Lima, 21 de Mayo 2018, (ANDINA).-<\/strong> Juan Diego Fl\u00f3rez protagonizar\u00e1, el pr\u00f3ximo mi\u00e9rcoles 13 de junio, un concierto de gala \u00fanico en la hist\u00f3rica Plaza Roja de Mosc\u00fa junto a grandes estrellas mundiales de la l\u00edrica, como parte de las actividades previas a la inauguraci\u00f3n del Mundial del F\u00fatbol Rusia 2018.<\/span><\/p>\n<p><span style=\"color: #000000;\">Por primera vez estar\u00e1n reunidos en un escenario los m\u00e1s famosos int\u00e9rpretes del bell canto. Grandes figura como Denis Matsuev, Anna Netrebko, Yusif Eyvazov, Ildar Abdrazakov, Aida Garifullina y Albina Shagimuratova compartir\u00e1n escenario con Juan Diego.<\/span><\/p>\n<p><span style=\"color: #000000;\">El concierto de gala estar\u00e1 acompa\u00f1ado por la Orquesta Sinf\u00f3nica del Teatro Mariinsky, bajo la direcci\u00f3n del maestro Valery Gergiev, y como invitados especiales Pl\u00e1cido Domingo y Juan Diego Fl\u00f3rez.<\/span><\/p>\n<p><span style=\"color: #000000;\">Estas estrellas de la escena musical interpretar\u00e1n las mejores obras del repertorio cl\u00e1sico, incluida la m\u00fasica rusa. Este espect\u00e1culo se llevar\u00e1 a cabo a partir de las 20:00 horas.<\/span><\/p>\n<p><span style=\"color: #000000;\">Es de destacar que la mayor\u00eda de las competiciones deportivas son abiertas por estrellas de la \u00f3pera, porque la m\u00fasica cl\u00e1sica es un c\u00f3digo universal que es comprensible para los habitantes de todos los pa\u00edses.<\/span><\/p>\n<p><iframe src=\"https:\/\/www.youtube-nocookie.com\/embed\/M6yH9yIAHeg?rel=0&amp;controls=0&amp;showinfo=0\" width=\"560\" height=\"315\" frameborder=\"0\" allowfullscreen=\"allowfullscreen\"><\/iframe><\/p>\n","protected":false},"excerpt":{"rendered":"<p>Juan Diego Fl\u00f3rez protagonizar\u00e1, el pr\u00f3ximo mi\u00e9rcoles 13 de junio, un concierto de gala \u00fanico en la hist\u00f3rica Plaza Roja de Mosc\u00fa junto a grandes estrellas mundiales de la l\u00edrica. Lima, 21 de Mayo 2018, (ANDINA).- Juan Diego Fl\u00f3rez protagonizar\u00e1, el pr\u00f3ximo mi\u00e9rcoles 13 de junio, un concierto de gala \u00fanico en la hist\u00f3rica Plaza [&hellip;]<\/p>\n","protected":false},"author":1,"featured_media":27100,"comment_status":"open","ping_status":"open","sticky":false,"template":"","format":"standard","meta":{"rop_custom_images_group":[],"rop_custom_messages_group":[],"rop_publish_now":"initial","rop_publish_now_accounts":[],"rop_publish_now_history":[],"rop_publish_now_status":"pending","footnotes":""},"categories":[69],"tags":[1107,2330],"class_list":["post-27098","post","type-post","status-publish","format-standard","has-post-thumbnail","hentry","category-musica","tag-juan-diego-florez","tag-mundial-rusia-2018"],"_links":{"self":[{"href":"https:\/\/elinformanteperu.com\/index.php\/wp-json\/wp\/v2\/posts\/27098","targetHints":{"allow":["GET"]}}],"collection":[{"href":"https:\/\/elinformanteperu.com\/index.php\/wp-json\/wp\/v2\/posts"}],"about":[{"href":"https:\/\/elinformanteperu.com\/index.php\/wp-json\/wp\/v2\/types\/post"}],"author":[{"embeddable":true,"href":"https:\/\/elinformanteperu.com\/index.php\/wp-json\/wp\/v2\/users\/1"}],"replies":[{"embeddable":true,"href":"https:\/\/elinformanteperu.com\/index.php\/wp-json\/wp\/v2\/comments?post=27098"}],"version-history":[{"count":1,"href":"https:\/\/elinformanteperu.com\/index.php\/wp-json\/wp\/v2\/posts\/27098\/revisions"}],"predecessor-version":[{"id":27101,"href":"https:\/\/elinformanteperu.com\/index.php\/wp-json\/wp\/v2\/posts\/27098\/revisions\/27101"}],"wp:featuredmedia":[{"embeddable":true,"href":"https:\/\/elinformanteperu.com\/index.php\/wp-json\/wp\/v2\/media\/27100"}],"wp:attachment":[{"href":"https:\/\/elinformanteperu.com\/index.php\/wp-json\/wp\/v2\/media?parent=27098"}],"wp:term":[{"taxonomy":"category","embeddable":true,"href":"https:\/\/elinformanteperu.com\/index.php\/wp-json\/wp\/v2\/categories?post=27098"},{"taxonomy":"post_tag","embeddable":true,"href":"https:\/\/elinformanteperu.com\/index.php\/wp-json\/wp\/v2\/tags?post=27098"}],"curies":[{"name":"wp","href":"https:\/\/api.w.org\/{rel}","templated":true}]}}