{"id":27090,"date":"2018-05-21T20:00:50","date_gmt":"2018-05-22T01:00:50","guid":{"rendered":"http:\/\/elinformanteperu.com\/?p=27090"},"modified":"2018-05-21T20:00:50","modified_gmt":"2018-05-22T01:00:50","slug":"mira-aqui-a-jean-pierre-magnet-a-ritmo-de-peru-campeon","status":"publish","type":"post","link":"https:\/\/elinformanteperu.com\/index.php\/2018\/05\/21\/mira-aqui-a-jean-pierre-magnet-a-ritmo-de-peru-campeon\/","title":{"rendered":"Mira aqu\u00ed a Jean Pierre Magnet a ritmo de \u00abPer\u00fa Campe\u00f3n\u00bb"},"content":{"rendered":"<p><strong><span style=\"color: #000000;\">Jean Pierre Magnet le brind\u00f3 un singular homenaje a la selecci\u00f3n peruana y ejecut\u00f3 junto a los m\u00fasicos que conforman \u201cEl Per\u00fa M\u00e1gico\u2026\u201d, el \u00abPer\u00fa campe\u00f3n\u00bb.<\/span><\/strong><\/p>\n<p><span style=\"color: #000000;\"><strong>Lima, 21 de Mayo 2018, (El Informante Per\u00fa).-<\/strong> Jean Pierre Magnet le brind\u00f3 un singular homenaje a la selecci\u00f3n peruana y a pocas semanas del inicio del mundial Rusia 2018 ejecut\u00f3 junto a los m\u00fasicos que conforman \u201cEl Per\u00fa M\u00e1gico\u2026\u201d un espont\u00e1neo \u00abPer\u00fa campe\u00f3n\u00bb a ritmo de zampo\u00f1as, violines, saxos, tambores, chelo, arpa, guitarra y su inconfundible saxo.<\/span><\/p>\n<p><span style=\"color: #000000;\">Con un \u201cGuerrero presidente\u201d, Magnet, artista de Marca Per\u00fa, le brind\u00f3 tambi\u00e9n su total respaldo al capit\u00e1n Paolo Guerrero.<\/span><\/p>\n<p><span style=\"color: #000000;\">Esto se dio en plenos ensayos para la presentaci\u00f3n del espect\u00e1culo \u201cEl Per\u00fa M\u00e1gico de Jean P\u00eferre Magnet y Serenata de Los Andes\u201d, que se presentar\u00e1 este 25, 26 y 27 de mayo; y, cuya misi\u00f3n es magnificar la m\u00fasica andina.<\/span><\/p>\n<p><span style=\"color: #000000;\">Populares melod\u00edas como \u201cPrincesita Huanca\u201d, \u201cAg\u00fcita m\u00e1gica\u201d (por primera vez con letra), \u201cCarnaval\u201d y \u201cP\u00e1jaro frutero\u201d, entre otras, adquieren una mayor potencia y sonoridad al ser interpretados por una gran banda integrada por 20 m\u00fasicos, entre ellos, destacados integrantes de la Orquesta Sinf\u00f3nica Nacional.<\/span><\/p>\n<p><span style=\"color: #000000;\">\u201cEste es el proyecto de mayor envergadura de mi carrera musical con el que busco amplificar la m\u00fasica andina. Me he dado cuenta de que esa es mi misi\u00f3n en el planeta Tierra. Estoy en mi mejor momento creativo, lo que presento en escena son mis composiciones y mi sentir musical\u201d, refiere Jean Pierre de este espect\u00e1culo familiar de cinco episodios, que tendr\u00e1 una nueva entrega cada dos a\u00f1os.<\/span><\/p>\n<p><span style=\"color: #000000;\">El viernes 25 y el s\u00e1bado 26 la funci\u00f3n inicia a las 20:30 horas, mientras que el domingo 27 arranca a las 19:00 horas.<\/span><\/p>\n<p><span style=\"color: #000000;\">Las localidades est\u00e1n disponibles en Teleticket con unn 20% de descuento para la funci\u00f3n del domingo.<\/span><\/p>\n<p><iframe src=\"https:\/\/www.youtube-nocookie.com\/embed\/x7Pamt0Vu2Y?rel=0&amp;controls=0&amp;showinfo=0\" width=\"560\" height=\"315\" frameborder=\"0\" allowfullscreen=\"allowfullscreen\"><\/iframe><\/p>\n","protected":false},"excerpt":{"rendered":"<p>Jean Pierre Magnet le brind\u00f3 un singular homenaje a la selecci\u00f3n peruana y ejecut\u00f3 junto a los m\u00fasicos que conforman \u201cEl Per\u00fa M\u00e1gico\u2026\u201d, el \u00abPer\u00fa campe\u00f3n\u00bb. Lima, 21 de Mayo 2018, (El Informante Per\u00fa).- Jean Pierre Magnet le brind\u00f3 un singular homenaje a la selecci\u00f3n peruana y a pocas semanas del inicio del mundial Rusia [&hellip;]<\/p>\n","protected":false},"author":1,"featured_media":27092,"comment_status":"open","ping_status":"open","sticky":false,"template":"","format":"standard","meta":{"rop_custom_images_group":[],"rop_custom_messages_group":[],"rop_publish_now":"initial","rop_publish_now_accounts":[],"rop_publish_now_history":[],"rop_publish_now_status":"pending","footnotes":""},"categories":[69],"tags":[3159],"class_list":["post-27090","post","type-post","status-publish","format-standard","has-post-thumbnail","hentry","category-musica","tag-jean-pierre-magnet"],"_links":{"self":[{"href":"https:\/\/elinformanteperu.com\/index.php\/wp-json\/wp\/v2\/posts\/27090","targetHints":{"allow":["GET"]}}],"collection":[{"href":"https:\/\/elinformanteperu.com\/index.php\/wp-json\/wp\/v2\/posts"}],"about":[{"href":"https:\/\/elinformanteperu.com\/index.php\/wp-json\/wp\/v2\/types\/post"}],"author":[{"embeddable":true,"href":"https:\/\/elinformanteperu.com\/index.php\/wp-json\/wp\/v2\/users\/1"}],"replies":[{"embeddable":true,"href":"https:\/\/elinformanteperu.com\/index.php\/wp-json\/wp\/v2\/comments?post=27090"}],"version-history":[{"count":1,"href":"https:\/\/elinformanteperu.com\/index.php\/wp-json\/wp\/v2\/posts\/27090\/revisions"}],"predecessor-version":[{"id":27093,"href":"https:\/\/elinformanteperu.com\/index.php\/wp-json\/wp\/v2\/posts\/27090\/revisions\/27093"}],"wp:featuredmedia":[{"embeddable":true,"href":"https:\/\/elinformanteperu.com\/index.php\/wp-json\/wp\/v2\/media\/27092"}],"wp:attachment":[{"href":"https:\/\/elinformanteperu.com\/index.php\/wp-json\/wp\/v2\/media?parent=27090"}],"wp:term":[{"taxonomy":"category","embeddable":true,"href":"https:\/\/elinformanteperu.com\/index.php\/wp-json\/wp\/v2\/categories?post=27090"},{"taxonomy":"post_tag","embeddable":true,"href":"https:\/\/elinformanteperu.com\/index.php\/wp-json\/wp\/v2\/tags?post=27090"}],"curies":[{"name":"wp","href":"https:\/\/api.w.org\/{rel}","templated":true}]}}