{"id":27066,"date":"2018-05-20T23:46:34","date_gmt":"2018-05-21T04:46:34","guid":{"rendered":"http:\/\/elinformanteperu.com\/?p=27066"},"modified":"2018-05-20T23:46:34","modified_gmt":"2018-05-21T04:46:34","slug":"vuelos-comerciales-pisco-cusco-se-iniciaran-proximo-14-de-junio","status":"publish","type":"post","link":"https:\/\/elinformanteperu.com\/index.php\/2018\/05\/20\/vuelos-comerciales-pisco-cusco-se-iniciaran-proximo-14-de-junio\/","title":{"rendered":"Vuelos comerciales Pisco-Cusco se iniciar\u00e1n pr\u00f3ximo 14 de junio"},"content":{"rendered":"<p><strong><span style=\"color: #000000;\">El pr\u00f3ximo 14 de junio se iniciar\u00e1n los vuelos comerciales entre Pisco (Ica) -Cusco y viceversa, con una frecuencia de dos veces semanales.<\/span><\/strong><\/p>\n<p><span style=\"color: #000000;\"><strong>Ica, 20 de Mayo 2018, (ANDINA).-<\/strong> El pr\u00f3ximo 14 de junio se iniciar\u00e1n los vuelos comerciales entre Pisco (Ica) -Cusco y viceversa, con una frecuencia de dos veces semanales, anunci\u00f3 el titular del Ministerio de Transportes y Comunicaciones (MTC), Edmer Trujillo.<\/span><\/p>\n<p><span style=\"color: #000000;\">Nos corresponde impulsar estas acciones que contribuyen al desarrollo de la regi\u00f3n\u201d, enfatiz\u00f3 el titular del MTC, quien en la v\u00edspera aprovech\u00f3 su paso por la regi\u00f3n Ica para inspeccionar el aeropuerto internacional de Pisco, cuyas instalaciones est\u00e1n pr\u00f3ximas a recibir vuelos comerciales desde y hacia el Cusco.<\/span><\/p>\n<p><span style=\"color: #000000;\">\u201cEl pr\u00f3ximo 14 de junio se iniciar\u00e1n los vuelos comerciales Pisco &#8211; Cusco y viceversa. Nos corresponde impulsar estas acciones que contribuyen al desarrollo de la regi\u00f3n\u201d, inform\u00f3 @EdmerTrujilloM, en compa\u00f1\u00eda del gobernador de Ica, Fernando Cill\u00f3niz. #UniendoAlPa\u00eds #ElPer\u00faPrimero<\/span><\/p>\n<p><span style=\"color: #000000;\">De esta forma, se prev\u00e9 que el flujo de pasajeros, similar a los 65,000 viajeros anuales, se eleve y que ello impacte, de forma positiva, en la actividad tur\u00edstica de la regi\u00f3n Ica.<\/span><\/p>\n<p><span style=\"color: #000000;\">\u201cEl destino tur\u00edstico Pisco &#8211; Paracas es conocido internacionalmente. Estamos muy agradecidos con el Estado Peruano que ha apostado por nuestra regi\u00f3n a trav\u00e9s de esta y otras obras de infraestructura\u201d, sostuvo por su parte el gobernador regional de Ica, Fernando Cill\u00f3niz.<\/span><\/p>\n<p><span style=\"color: #000000;\">El mismo impulso dinamizador tendr\u00e1 la modernizaci\u00f3n del Terminal Portuario General de San Mart\u00edn, visitado tambi\u00e9n por el ministro Trujillo. Ya se vienen ejecutando movimiento de tierras y la instalaci\u00f3n del cerco perim\u00e9trico. \u201cEs una obra del bicentenario\u201d, subray\u00f3 el titular del sector.<\/span><\/p>\n<p><strong><span style=\"color: #000000;\">Anuncios de seguridad vial<\/span><\/strong><\/p>\n<p><span style=\"color: #000000;\">Trujillo adelant\u00f3, asimismo, que se preparan anuncios importantes en materia de seguridad vial, tema prioritario en la agenda del MTC. \u201cNosotros le estamos dando la m\u00e1xima importancia. Por eso, en las pr\u00f3ximas semanas se va a anunciar un paquete importante de medidas que demostrar\u00e1n nuestro compromiso en lograr que la seguridad vial empiece a ser una realidad\u201d, revel\u00f3.<\/span><\/p>\n<p><strong><span style=\"color: #000000;\">Carretera Panamericana Sur<\/span><\/strong><\/p>\n<p><span style=\"color: #000000;\">Cumpliendo una agenda de trabajo, el ministro recorri\u00f3 ayer los 230 kil\u00f3metros que conectan Pucusana, Cerro Azul, provincia de Ca\u00f1ete, e Ica a trav\u00e9s de la Carretera Panamericana Sur (Red Vial 6), para constatar el estado de la v\u00eda e impulsar acciones que mejoren su transitabilidad.<\/span><\/p>\n<p><span style=\"color: #000000;\">La visita de inspecci\u00f3n se inici\u00f3 en horas de la ma\u00f1ana. Integraron la comitiva del ministro el director general de Concesiones en Transportes, Javier Hervias; director general de Aeron\u00e1utica Civil, Juan Carlos Pavic; y el director general de Transporte Acu\u00e1tico, Juan Carlos Paz, entre otros funcionarios del MTC.<\/span><\/p>\n<p><span style=\"color: #000000;\">Tambi\u00e9n cubrieron la ruta ejecutivos de la concesionaria Coviper\u00fa, empresa a cargo de la v\u00eda, y el gobernador regional de Ica, Fernando Cill\u00f3niz.<\/span><\/p>\n<p><span style=\"color: #000000;\">El punto de partida se ubic\u00f3 en el kil\u00f3metro 290, a la altura del centro poblado Guadalupe, en Ica, en el tramo que corresponde a la tercera etapa de la concesi\u00f3n.<\/span><\/p>\n<p><span style=\"color: #000000;\">En esta fase, que en abril registraba un avance f\u00edsico de 16.55%, se prev\u00e9 la construcci\u00f3n de una segunda calzada desde el kil\u00f3metro 236, en la zona del intercambio vial San Andr\u00e9s, en el distrito ique\u00f1o del mismo nombre. \u201cEste es un trabajo importante que debemos impulsar\u201d, destac\u00f3 el titular del MTC.<\/span><\/p>\n<p><span style=\"color: #000000;\">El recorrido continu\u00f3 por los 41 kil\u00f3metros de la segunda etapa de trabajos de la autopista, desde el kil\u00f3metro 184 de la Panamericana Sur (Intercambio Chincha Alta) al kil\u00f3metro 236. Esa obra reporta un progreso de 96.16% y se trabajar\u00e1 para continuar sumando las \u00e1reas necesarias que permitan su culminaci\u00f3n.<\/span><\/p>\n<p><span style=\"color: #000000;\">\u201cYa estamos adoptando medidas urgentes relacionadas con el saneamiento de terrenos, que ha limitado el avance de algunas obras. Nuestro compromiso es resolverlo\u201d, destac\u00f3 Trujillo.<\/span><\/p>\n<p><span style=\"color: #000000;\">En el trayecto se visitaron los puentes y pasos a desnivel construidos por la concesionaria, como Brisas de Conc\u00f3n, situado en el kil\u00f3metro 160 de la autopista, a la altura de San Vicente de Ca\u00f1ete, y que fue culminado en marzo de este a\u00f1o. Este tipo de infraestructura mantiene la articulaci\u00f3n entre poblados aleda\u00f1os a la v\u00eda y refuerza la seguridad vial de los ciudadanos con pases peatonales.<\/span><\/p>\n","protected":false},"excerpt":{"rendered":"<p>El pr\u00f3ximo 14 de junio se iniciar\u00e1n los vuelos comerciales entre Pisco (Ica) -Cusco y viceversa, con una frecuencia de dos veces semanales. Ica, 20 de Mayo 2018, (ANDINA).- El pr\u00f3ximo 14 de junio se iniciar\u00e1n los vuelos comerciales entre Pisco (Ica) -Cusco y viceversa, con una frecuencia de dos veces semanales, anunci\u00f3 el titular [&hellip;]<\/p>\n","protected":false},"author":1,"featured_media":27068,"comment_status":"open","ping_status":"open","sticky":false,"template":"","format":"standard","meta":{"rop_custom_images_group":[],"rop_custom_messages_group":[],"rop_publish_now":"initial","rop_publish_now_accounts":[],"rop_publish_now_history":[],"rop_publish_now_status":"pending","footnotes":""},"categories":[10],"tags":[3072,318,317],"class_list":["post-27066","post","type-post","status-publish","format-standard","has-post-thumbnail","hentry","category-actualidad-municipal","tag-edmer-trujillo","tag-ministerio-de-transportes-y-comunicaciones","tag-mtc"],"_links":{"self":[{"href":"https:\/\/elinformanteperu.com\/index.php\/wp-json\/wp\/v2\/posts\/27066","targetHints":{"allow":["GET"]}}],"collection":[{"href":"https:\/\/elinformanteperu.com\/index.php\/wp-json\/wp\/v2\/posts"}],"about":[{"href":"https:\/\/elinformanteperu.com\/index.php\/wp-json\/wp\/v2\/types\/post"}],"author":[{"embeddable":true,"href":"https:\/\/elinformanteperu.com\/index.php\/wp-json\/wp\/v2\/users\/1"}],"replies":[{"embeddable":true,"href":"https:\/\/elinformanteperu.com\/index.php\/wp-json\/wp\/v2\/comments?post=27066"}],"version-history":[{"count":1,"href":"https:\/\/elinformanteperu.com\/index.php\/wp-json\/wp\/v2\/posts\/27066\/revisions"}],"predecessor-version":[{"id":27069,"href":"https:\/\/elinformanteperu.com\/index.php\/wp-json\/wp\/v2\/posts\/27066\/revisions\/27069"}],"wp:featuredmedia":[{"embeddable":true,"href":"https:\/\/elinformanteperu.com\/index.php\/wp-json\/wp\/v2\/media\/27068"}],"wp:attachment":[{"href":"https:\/\/elinformanteperu.com\/index.php\/wp-json\/wp\/v2\/media?parent=27066"}],"wp:term":[{"taxonomy":"category","embeddable":true,"href":"https:\/\/elinformanteperu.com\/index.php\/wp-json\/wp\/v2\/categories?post=27066"},{"taxonomy":"post_tag","embeddable":true,"href":"https:\/\/elinformanteperu.com\/index.php\/wp-json\/wp\/v2\/tags?post=27066"}],"curies":[{"name":"wp","href":"https:\/\/api.w.org\/{rel}","templated":true}]}}