{"id":27062,"date":"2018-05-20T23:40:57","date_gmt":"2018-05-21T04:40:57","guid":{"rendered":"http:\/\/elinformanteperu.com\/?p=27062"},"modified":"2018-05-20T23:40:57","modified_gmt":"2018-05-21T04:40:57","slug":"conferencia-episcopal-saluda-designacion-de-monsenor-barreto-como-cardenal","status":"publish","type":"post","link":"https:\/\/elinformanteperu.com\/index.php\/2018\/05\/20\/conferencia-episcopal-saluda-designacion-de-monsenor-barreto-como-cardenal\/","title":{"rendered":"Conferencia Episcopal saluda designaci\u00f3n de monse\u00f1or Barreto como cardenal"},"content":{"rendered":"<p><strong><span style=\"color: #000000;\">La Conferencia Episcopal Peruana expres\u00f3 su \u00abinmensa alegr\u00eda\u00bb por la designaci\u00f3n del arzobispo de Huancayo, monse\u00f1or Pedro Barreto Jimeno, como cardenal.<\/span><\/strong><\/p>\n<p><span style=\"color: #000000;\"><strong>Lima, 20 de Mayo 2018, (ANDINA).-<\/strong> La Conferencia Episcopal Peruana (CEP) expres\u00f3 su \u00abinmensa alegr\u00eda\u00bb por la designaci\u00f3n del arzobispo metropolitano de Huancayo, monse\u00f1or Pedro Barreto Jimeno, como cardenal.<\/span><\/p>\n<p><span style=\"color: #000000;\">En un comunicado publicado en su cuenta de twitter manifest\u00f3 con fraternal j\u00fabilo sus sinceras felicitaciones al nuevo cardenal, quien actualmente es primer vicepresidente de la CEP y le asegur\u00f3 su apoyo en la tarea que como cardenal realizar\u00e1.<\/span><\/p>\n<p><span style=\"color: #000000;\">\u00abPara la Iglesia Cat\u00f3lica en el Per\u00fa hoy es un d\u00eda hist\u00f3rico y de honda significaci\u00f3n, el Papa le ha concedido un segundo cardenal. Los cat\u00f3licos y el Per\u00fa hemos sido particularmente bendecidos\u00bb, se\u00f1ala finalmente el comunicado.<\/span><\/p>\n<p><span style=\"color: #000000;\">Barreto Jimeno ser\u00e1 nombrado junto a otros 13 nuevos cardenales en el Consistorio del pr\u00f3ximo 29 de junio, seg\u00fan lo anunci\u00f3 el Papa Francisco en El Vaticano.<\/span><\/p>\n<p><span style=\"color: #000000;\">Cabe anotar que por la ma\u00f1ana el arzobispo de Lima y cardenal Juan Luis Cipriani tambi\u00e9n se manifest\u00f3, se\u00f1alando que recib\u00eda con alegr\u00eda el nombramiento de Barreto Jimeno y que su designaci\u00f3n es un reconocimiento a la Iglesia peruana.<\/span><\/p>\n","protected":false},"excerpt":{"rendered":"<p>La Conferencia Episcopal Peruana expres\u00f3 su \u00abinmensa alegr\u00eda\u00bb por la designaci\u00f3n del arzobispo de Huancayo, monse\u00f1or Pedro Barreto Jimeno, como cardenal. Lima, 20 de Mayo 2018, (ANDINA).- La Conferencia Episcopal Peruana (CEP) expres\u00f3 su \u00abinmensa alegr\u00eda\u00bb por la designaci\u00f3n del arzobispo metropolitano de Huancayo, monse\u00f1or Pedro Barreto Jimeno, como cardenal. En un comunicado publicado en [&hellip;]<\/p>\n","protected":false},"author":1,"featured_media":27064,"comment_status":"open","ping_status":"open","sticky":false,"template":"","format":"standard","meta":{"rop_custom_images_group":[],"rop_custom_messages_group":[],"rop_publish_now":"initial","rop_publish_now_accounts":[],"rop_publish_now_history":[],"rop_publish_now_status":"pending","footnotes":""},"categories":[10],"tags":[2026,2025,3154],"class_list":["post-27062","post","type-post","status-publish","format-standard","has-post-thumbnail","hentry","category-actualidad-municipal","tag-cep","tag-conferencia-episcopal-peruana","tag-pedro-barreto"],"_links":{"self":[{"href":"https:\/\/elinformanteperu.com\/index.php\/wp-json\/wp\/v2\/posts\/27062","targetHints":{"allow":["GET"]}}],"collection":[{"href":"https:\/\/elinformanteperu.com\/index.php\/wp-json\/wp\/v2\/posts"}],"about":[{"href":"https:\/\/elinformanteperu.com\/index.php\/wp-json\/wp\/v2\/types\/post"}],"author":[{"embeddable":true,"href":"https:\/\/elinformanteperu.com\/index.php\/wp-json\/wp\/v2\/users\/1"}],"replies":[{"embeddable":true,"href":"https:\/\/elinformanteperu.com\/index.php\/wp-json\/wp\/v2\/comments?post=27062"}],"version-history":[{"count":1,"href":"https:\/\/elinformanteperu.com\/index.php\/wp-json\/wp\/v2\/posts\/27062\/revisions"}],"predecessor-version":[{"id":27065,"href":"https:\/\/elinformanteperu.com\/index.php\/wp-json\/wp\/v2\/posts\/27062\/revisions\/27065"}],"wp:featuredmedia":[{"embeddable":true,"href":"https:\/\/elinformanteperu.com\/index.php\/wp-json\/wp\/v2\/media\/27064"}],"wp:attachment":[{"href":"https:\/\/elinformanteperu.com\/index.php\/wp-json\/wp\/v2\/media?parent=27062"}],"wp:term":[{"taxonomy":"category","embeddable":true,"href":"https:\/\/elinformanteperu.com\/index.php\/wp-json\/wp\/v2\/categories?post=27062"},{"taxonomy":"post_tag","embeddable":true,"href":"https:\/\/elinformanteperu.com\/index.php\/wp-json\/wp\/v2\/tags?post=27062"}],"curies":[{"name":"wp","href":"https:\/\/api.w.org\/{rel}","templated":true}]}}