{"id":27059,"date":"2018-05-20T23:35:21","date_gmt":"2018-05-21T04:35:21","guid":{"rendered":"http:\/\/elinformanteperu.com\/?p=27059"},"modified":"2018-05-20T23:35:21","modified_gmt":"2018-05-21T04:35:21","slug":"ministra-de-salud-exhorta-a-la-poblacion-a-vacunarse-contra-la-influenza","status":"publish","type":"post","link":"https:\/\/elinformanteperu.com\/index.php\/2018\/05\/20\/ministra-de-salud-exhorta-a-la-poblacion-a-vacunarse-contra-la-influenza\/","title":{"rendered":"Ministra de Salud exhorta a la poblaci\u00f3n a vacunarse contra la influenza"},"content":{"rendered":"<p><strong><span style=\"color: #000000;\">La ministra de Salud, Silvia Pessah, exhort\u00f3 a la poblaci\u00f3n a vacunarse contra la influenza, a fin de prevenir esta enfermedad.<\/span><\/strong><\/p>\n<p><span style=\"color: #000000;\"><strong>Lima, 20 de Mayo 2018, (ANDINA).-<\/strong> La ministra de Salud, Silvia Pessah, exhort\u00f3 a la poblaci\u00f3n a vacunarse contra la influenza, a fin de prevenir esta enfermedad, en especial aquellos que residen en las zonas andinas o regiones donde se presentan bajas temperaturas.<\/span><\/p>\n<p><span style=\"color: #000000;\">\u201cPodemos y debemos vacunarnos todos, seg\u00fan nuestro Esquema Nacional de Vacunaci\u00f3n, a partir de los 7 meses de edad. Nuestros ni\u00f1os, adolescentes, adultos y ancianos merecen tener mejor salud, vacun\u00e9monos todos contra la influenza\u201d, indic\u00f3.<\/span><\/p>\n<p><span style=\"color: #000000;\">Fue tras supervisar la salida de un lote de vacunas contra la influenza desde el almac\u00e9n del Centro Nacional de Abastecimiento de Recursos Estrat\u00e9gicos en Salud (Cenares), en el Callao, a diversas regiones del pa\u00eds.<\/span><\/p>\n<p><span style=\"color: #000000;\">Pessah se\u00f1al\u00f3 que hasta la fecha se han repartido en total un mill\u00f3n 200,000 dosis para ni\u00f1os y adultos a direcciones de redes integradas (Diris) de Lima; as\u00ed como a las direcciones regionales de salud (Diresa) o gerencias regionales de salud (Geresa).<\/span><\/p>\n<p><span style=\"color: #000000;\">Estas vacunas deber\u00e1n ser entregadas a los establecimientos de salud de las respectivas jurisdicciones de las Diris y Geresas, priorizando aquellas zonas contempladas en el Plan Multisectorial ante Heladas y Friaje 2018.<\/span><\/p>\n<p><span style=\"color: #000000;\">\u201cHemos empezado la distribuci\u00f3n de las vacunas en Puno y posteriormente se enviaron a otras regiones del pa\u00eds. A partir del mi\u00e9rcoles tendremos las vacunas en todos los establecimientos de salud de Lima Metropolitana\u201d, refiri\u00f3.<\/span><\/p>\n<p><span style=\"color: #000000;\">En esa l\u00ednea, Pessah Eljay reiter\u00f3 que las vacunas son gratuitas y constituyen una de las medidas preventivas m\u00e1s eficaces para evitar la influenza estacional y sus posibles complicaciones.<\/span><\/p>\n<p><span style=\"color: #000000;\">\u201cLa pr\u00f3xima semana terminaremos la distribuci\u00f3n en todas las regiones. Asistan al establecimiento de salud m\u00e1s cercano para que todos estemos protegidos contra el virus de la influenza\u201d, insisti\u00f3.<\/span><\/p>\n<p><strong><span style=\"color: #000000;\">Castraci\u00f3n qu\u00edmica<\/span><\/strong><\/p>\n<p><span style=\"color: #000000;\">Sobre el proyecto de ley aprobado por el Congreso de la Rep\u00fablica que plantea que los violadores de menores de 14 a\u00f1os condenados a cadena perpetua sean sometidos a la castraci\u00f3n qu\u00edmica, la ministra Pessah indic\u00f3 que su cartera revisa toda la evidencia m\u00e9dica y cient\u00edfica de este procedimiento y con base en ello dar\u00e1 su opini\u00f3n t\u00e9cnica al Consejo de Ministros.<\/span><\/p>\n<p><span style=\"color: #000000;\">Por otro lado, reiter\u00f3 su recomendaci\u00f3n a las personas que tengan alg\u00fan s\u00edntoma de alerta del S\u00edndrome de Guillain-Barr\u00e9, como debilidad en los miembros superiores e inferiores, acudir a los establecimientos de salud m\u00e1s cercanos.<\/span><\/p>\n<p><span style=\"color: #000000;\">\u201cEl Minsa tiene la posibilidad y ya trabaja con las regiones para que todos tengan el aporte necesario, tanto de ventiladores mec\u00e1nicos que pudieran necesitarse en casos extremos, o un tratamiento de soporte como son las inmunoglobulinas para asistir a los pacientes\u201d, indic\u00f3.<\/span><\/p>\n<p><span style=\"color: #000000;\">Por \u00faltimo, inform\u00f3 que en una semana se definir\u00e1 con los representantes de Consorcio de Ate una serie de compromisos para agilizar la entrega del hospital de Lima Este-Ate, en el m\u00e1s breve plazo.<\/span><\/p>\n","protected":false},"excerpt":{"rendered":"<p>La ministra de Salud, Silvia Pessah, exhort\u00f3 a la poblaci\u00f3n a vacunarse contra la influenza, a fin de prevenir esta enfermedad. Lima, 20 de Mayo 2018, (ANDINA).- La ministra de Salud, Silvia Pessah, exhort\u00f3 a la poblaci\u00f3n a vacunarse contra la influenza, a fin de prevenir esta enfermedad, en especial aquellos que residen en las [&hellip;]<\/p>\n","protected":false},"author":1,"featured_media":25350,"comment_status":"open","ping_status":"open","sticky":false,"template":"","format":"standard","meta":{"rop_custom_images_group":[],"rop_custom_messages_group":[],"rop_publish_now":"initial","rop_publish_now_accounts":[],"rop_publish_now_history":[],"rop_publish_now_status":"pending","footnotes":""},"categories":[10],"tags":[388,431,3156],"class_list":["post-27059","post","type-post","status-publish","format-standard","has-post-thumbnail","hentry","category-actualidad-municipal","tag-ministerio-de-salud","tag-minsa","tag-silvia-pessah"],"_links":{"self":[{"href":"https:\/\/elinformanteperu.com\/index.php\/wp-json\/wp\/v2\/posts\/27059","targetHints":{"allow":["GET"]}}],"collection":[{"href":"https:\/\/elinformanteperu.com\/index.php\/wp-json\/wp\/v2\/posts"}],"about":[{"href":"https:\/\/elinformanteperu.com\/index.php\/wp-json\/wp\/v2\/types\/post"}],"author":[{"embeddable":true,"href":"https:\/\/elinformanteperu.com\/index.php\/wp-json\/wp\/v2\/users\/1"}],"replies":[{"embeddable":true,"href":"https:\/\/elinformanteperu.com\/index.php\/wp-json\/wp\/v2\/comments?post=27059"}],"version-history":[{"count":1,"href":"https:\/\/elinformanteperu.com\/index.php\/wp-json\/wp\/v2\/posts\/27059\/revisions"}],"predecessor-version":[{"id":27061,"href":"https:\/\/elinformanteperu.com\/index.php\/wp-json\/wp\/v2\/posts\/27059\/revisions\/27061"}],"wp:featuredmedia":[{"embeddable":true,"href":"https:\/\/elinformanteperu.com\/index.php\/wp-json\/wp\/v2\/media\/25350"}],"wp:attachment":[{"href":"https:\/\/elinformanteperu.com\/index.php\/wp-json\/wp\/v2\/media?parent=27059"}],"wp:term":[{"taxonomy":"category","embeddable":true,"href":"https:\/\/elinformanteperu.com\/index.php\/wp-json\/wp\/v2\/categories?post=27059"},{"taxonomy":"post_tag","embeddable":true,"href":"https:\/\/elinformanteperu.com\/index.php\/wp-json\/wp\/v2\/tags?post=27059"}],"curies":[{"name":"wp","href":"https:\/\/api.w.org\/{rel}","templated":true}]}}