{"id":2704,"date":"2016-12-15T21:50:10","date_gmt":"2016-12-16T02:50:10","guid":{"rendered":"http:\/\/elinformanteperu.com\/?p=2704"},"modified":"2016-12-15T21:50:10","modified_gmt":"2016-12-16T02:50:10","slug":"corso-navideno-por-el-dia-de-la-familia-chalaca","status":"publish","type":"post","link":"https:\/\/elinformanteperu.com\/index.php\/2016\/12\/15\/corso-navideno-por-el-dia-de-la-familia-chalaca\/","title":{"rendered":"Corso navide\u00f1o por el D\u00eda de la Familia Chalaca"},"content":{"rendered":"<p><strong>Por tercer a\u00f1o consecutivo, miles de personas participaran en el \u201cFestival del D\u00eda la Familia Chalaca\u201d, que comenzar\u00e1 con un corso navide\u00f1o.<\/strong><\/p>\n<p><strong>Lima, 15 Diciembre 2016, (El Informante Per\u00fa).-<\/strong> Por tercer a\u00f1o consecutivo, miles de personas participaran en el \u201cFestival del D\u00eda la Familia Chalaca\u201d, que en esta ocasi\u00f3n, para el deleite de todos los presentes, comenzar\u00e1 con un corso navide\u00f1o.<\/p>\n<p>Luego de ese colorido recorrido, amenizado por bandas musicales; el Obispo del Callao, Monse\u00f1or Jos\u00e9 Luis del Palacio presidir\u00e1 una Misa de Acci\u00f3n de Gracias por la familia chalaca, en la Concha Ac\u00fastica de Chucuito. Adem\u00e1s, con esta actividad que congregar\u00e1 a m\u00e1s de 10 mil personas, se dar\u00e1 inicio al A\u00f1o Jubilar por las Bodas de Oro de la creaci\u00f3n de la di\u00f3cesis del Primer Puerto, a cumplirse en el a\u00f1o 2017.<\/p>\n<p>Al finalizar la ceremonia religiosa, se presentaran n\u00fameros art\u00edsticos, nacimiento en vivo, espect\u00e1culos infantiles. Asimismo, se habilitar\u00e1 una gran feria gastron\u00f3mica, con platos t\u00edpicos con precios accesibles. Tambi\u00e9n habr\u00e1 sorteos de grandes premios. Todo lo recaudado servir\u00e1 para las obras sociales que realiza la di\u00f3cesis chalaca en las zonas m\u00e1s necesitadas y vulnerables.<\/p>\n<p>La celebraci\u00f3n del d\u00eda de la familia chalaca es promovida por la iglesia del Callao, y su fecha est\u00e1 oficializada en el calendario del Primer Puerto de manera oficial, mediante resoluci\u00f3n del municipio chalaco. Es as\u00ed que, cada a\u00f1o miles de personas se congregan para respaldar y defender a la familia como verdadero n\u00facleo de la sociedad y promotor de valores humanos.<\/p>\n<p><strong>D\u00eda :<\/strong> Domingo 18 de diciembre de 2016<br \/>\n<strong>Horario del corso :<\/strong> 8:00 a.m. (Recorrido, Av. S\u00e1enz Pe\u00f1a,<br \/>\nAvenida Miguel Grau, Escuela Naval del<br \/>\nPer\u00fa, Fortaleza Real Felipe)<br \/>\n<strong>Horario de la Misa y Festival :<\/strong> 10:00 a.m.<br \/>\n<strong>Lugar :<\/strong> Concha Ac\u00fastica de Chucuito.<\/p>\n","protected":false},"excerpt":{"rendered":"<p>Por tercer a\u00f1o consecutivo, miles de personas participaran en el \u201cFestival del D\u00eda la Familia Chalaca\u201d, que comenzar\u00e1 con un corso navide\u00f1o. Lima, 15 Diciembre 2016, (El Informante Per\u00fa).- Por tercer a\u00f1o consecutivo, miles de personas participaran en el \u201cFestival del D\u00eda la Familia Chalaca\u201d, que en esta ocasi\u00f3n, para el deleite de todos los [&hellip;]<\/p>\n","protected":false},"author":1,"featured_media":2705,"comment_status":"open","ping_status":"open","sticky":false,"template":"","format":"standard","meta":{"rop_custom_images_group":[],"rop_custom_messages_group":[],"rop_publish_now":"initial","rop_publish_now_accounts":[],"rop_publish_now_history":[],"rop_publish_now_status":"pending","footnotes":""},"categories":[10],"tags":[535,534],"class_list":["post-2704","post","type-post","status-publish","format-standard","has-post-thumbnail","hentry","category-actualidad-municipal","tag-callao","tag-dia-la-familia-chalaca"],"_links":{"self":[{"href":"https:\/\/elinformanteperu.com\/index.php\/wp-json\/wp\/v2\/posts\/2704","targetHints":{"allow":["GET"]}}],"collection":[{"href":"https:\/\/elinformanteperu.com\/index.php\/wp-json\/wp\/v2\/posts"}],"about":[{"href":"https:\/\/elinformanteperu.com\/index.php\/wp-json\/wp\/v2\/types\/post"}],"author":[{"embeddable":true,"href":"https:\/\/elinformanteperu.com\/index.php\/wp-json\/wp\/v2\/users\/1"}],"replies":[{"embeddable":true,"href":"https:\/\/elinformanteperu.com\/index.php\/wp-json\/wp\/v2\/comments?post=2704"}],"version-history":[{"count":1,"href":"https:\/\/elinformanteperu.com\/index.php\/wp-json\/wp\/v2\/posts\/2704\/revisions"}],"predecessor-version":[{"id":2706,"href":"https:\/\/elinformanteperu.com\/index.php\/wp-json\/wp\/v2\/posts\/2704\/revisions\/2706"}],"wp:featuredmedia":[{"embeddable":true,"href":"https:\/\/elinformanteperu.com\/index.php\/wp-json\/wp\/v2\/media\/2705"}],"wp:attachment":[{"href":"https:\/\/elinformanteperu.com\/index.php\/wp-json\/wp\/v2\/media?parent=2704"}],"wp:term":[{"taxonomy":"category","embeddable":true,"href":"https:\/\/elinformanteperu.com\/index.php\/wp-json\/wp\/v2\/categories?post=2704"},{"taxonomy":"post_tag","embeddable":true,"href":"https:\/\/elinformanteperu.com\/index.php\/wp-json\/wp\/v2\/tags?post=2704"}],"curies":[{"name":"wp","href":"https:\/\/api.w.org\/{rel}","templated":true}]}}