{"id":2701,"date":"2016-12-14T01:33:45","date_gmt":"2016-12-14T06:33:45","guid":{"rendered":"http:\/\/elinformanteperu.com\/?p=2701"},"modified":"2016-12-14T01:33:45","modified_gmt":"2016-12-14T06:33:45","slug":"frente-amplio-destaca-decision-del-gobierno-de-seguir-con-reforma-educativa","status":"publish","type":"post","link":"https:\/\/elinformanteperu.com\/index.php\/2016\/12\/14\/frente-amplio-destaca-decision-del-gobierno-de-seguir-con-reforma-educativa\/","title":{"rendered":"Frente Amplio destaca decisi\u00f3n del gobierno de seguir con reforma educativa"},"content":{"rendered":"<p><strong>El vocero del Frente Amplio (FA), Marco Arana, destac\u00f3 la decisi\u00f3n del presidente Pedro Pablo Kuczynski de continuar con la reforma universitaria y su disposici\u00f3n\u00a0al di\u00e1logo.<\/strong><\/p>\n<p><strong>Lima, 13 Diciembre 2016, (ANDINA).-<\/strong> El vocero del Frente Amplio (FA), Marco Arana, destac\u00f3 la decisi\u00f3n del presidente Pedro Pablo Kuczynski de continuar con la reforma universitaria y su disposici\u00f3n de dialogar con las fuerzas pol\u00edticas.<\/p>\n<p>El legislador remarc\u00f3 que frente a la interpelaci\u00f3n del ministro de Educaci\u00f3n, Jaime Saavedra, promovida por Fuerza Popular, la reforma universitaria continuar\u00e1 y se promover\u00e1 un espacio de entendimiento.<\/p>\n<p>\u201cPresidente PPK frente a interpelaci\u00f3n abusiva del fujimorismo afirma que la reforma universitaria continuar\u00e1 y convoca a di\u00e1logo pol\u00edtico\u201d, expres\u00f3 a trav\u00e9s de su cuenta en Twitter.<\/p>\n<p>Asimismo, resalt\u00f3 la necesidad de dialogar sobre los problemas de fondo de la educaci\u00f3n<\/p>\n<p>Por su parte, su colega de bancada, Marisa Glave dijo que la situaci\u00f3n del ministro Saavedra deber\u00eda motivar un debate sobre la educaci\u00f3n en el pa\u00eds, en especial el problema que supone la reforma universitaria.<\/p>\n<p>\u00abDefendemos ese proceso de reforma y creo que s\u00ed hay intereses subalternos atr\u00e1s de intentar sacar al ministro sobre este tema, pero est\u00e1 pendiente tambi\u00e9n un conjunto de promesas que se hicieron sobre la educaci\u00f3n p\u00fablica y que tienen que ver con el salario de los maestros\u00bb, dijo.<\/p>\n<p>En ese sentido, la legisladora insisti\u00f3 en la necesidad de convertir esta crisis en una oportunidad de di\u00e1logo para abordar temas de fondo.<\/p>\n","protected":false},"excerpt":{"rendered":"<p>El vocero del Frente Amplio (FA), Marco Arana, destac\u00f3 la decisi\u00f3n del presidente Pedro Pablo Kuczynski de continuar con la reforma universitaria y su disposici\u00f3n\u00a0al di\u00e1logo. Lima, 13 Diciembre 2016, (ANDINA).- El vocero del Frente Amplio (FA), Marco Arana, destac\u00f3 la decisi\u00f3n del presidente Pedro Pablo Kuczynski de continuar con la reforma universitaria y su [&hellip;]<\/p>\n","protected":false},"author":1,"featured_media":2365,"comment_status":"open","ping_status":"open","sticky":false,"template":"","format":"standard","meta":{"rop_custom_images_group":[],"rop_custom_messages_group":[],"rop_publish_now":"initial","rop_publish_now_accounts":[],"rop_publish_now_history":[],"rop_publish_now_status":"pending","footnotes":""},"categories":[5],"tags":[158,286,476],"class_list":["post-2701","post","type-post","status-publish","format-standard","has-post-thumbnail","hentry","category-actualidad-informativa","tag-frente-amplio","tag-jaime-saavedra","tag-marco-arana"],"_links":{"self":[{"href":"https:\/\/elinformanteperu.com\/index.php\/wp-json\/wp\/v2\/posts\/2701","targetHints":{"allow":["GET"]}}],"collection":[{"href":"https:\/\/elinformanteperu.com\/index.php\/wp-json\/wp\/v2\/posts"}],"about":[{"href":"https:\/\/elinformanteperu.com\/index.php\/wp-json\/wp\/v2\/types\/post"}],"author":[{"embeddable":true,"href":"https:\/\/elinformanteperu.com\/index.php\/wp-json\/wp\/v2\/users\/1"}],"replies":[{"embeddable":true,"href":"https:\/\/elinformanteperu.com\/index.php\/wp-json\/wp\/v2\/comments?post=2701"}],"version-history":[{"count":1,"href":"https:\/\/elinformanteperu.com\/index.php\/wp-json\/wp\/v2\/posts\/2701\/revisions"}],"predecessor-version":[{"id":2702,"href":"https:\/\/elinformanteperu.com\/index.php\/wp-json\/wp\/v2\/posts\/2701\/revisions\/2702"}],"wp:featuredmedia":[{"embeddable":true,"href":"https:\/\/elinformanteperu.com\/index.php\/wp-json\/wp\/v2\/media\/2365"}],"wp:attachment":[{"href":"https:\/\/elinformanteperu.com\/index.php\/wp-json\/wp\/v2\/media?parent=2701"}],"wp:term":[{"taxonomy":"category","embeddable":true,"href":"https:\/\/elinformanteperu.com\/index.php\/wp-json\/wp\/v2\/categories?post=2701"},{"taxonomy":"post_tag","embeddable":true,"href":"https:\/\/elinformanteperu.com\/index.php\/wp-json\/wp\/v2\/tags?post=2701"}],"curies":[{"name":"wp","href":"https:\/\/api.w.org\/{rel}","templated":true}]}}