{"id":2697,"date":"2016-12-14T01:28:56","date_gmt":"2016-12-14T06:28:56","guid":{"rendered":"http:\/\/elinformanteperu.com\/?p=2697"},"modified":"2016-12-14T01:28:56","modified_gmt":"2016-12-14T06:28:56","slug":"mercedes-araoz-no-vamos-a-parar-con-la-reforma-educativa","status":"publish","type":"post","link":"https:\/\/elinformanteperu.com\/index.php\/2016\/12\/14\/mercedes-araoz-no-vamos-a-parar-con-la-reforma-educativa\/","title":{"rendered":"Mercedes Ar\u00e1oz: no vamos a parar con la reforma educativa"},"content":{"rendered":"<p><strong>La segunda vicepresidenta, Mercedes Ar\u00e1oz, expres\u00f3 que el jefe del Estado, en su mensaje al pa\u00eds, ha demostrado que es el presidente de todos los peruanos.<\/strong><\/p>\n<p><strong>Lima, 13 Diciembre 2016, (ANDINA).-<\/strong> La segunda vicepresidenta de la Rep\u00fablica, Mercedes Ar\u00e1oz, expres\u00f3 que el jefe del Estado, en su mensaje al pa\u00eds, ha demostrado que es el presidente de todos los peruanos, con una actitud madura y responsable ante la situaci\u00f3n de conflictividad que se ha presentado por la moci\u00f3n de censura presentada contra el ministro de Educaci\u00f3n Jaime Saavedra.<\/p>\n<p>\u201c(El presidente) Respeta y buscar\u00e1 siempre privilegiar el inter\u00e9s de los peruanos y el desarrollo de nuestra educaci\u00f3n como una bandera primordial (de su gobierno)\u201d, enfatiz\u00f3 a la Agencia Andina.<\/p>\n<p>\u201cNo vamos a parar con la reforma y las mejoras de la educaci\u00f3n en todos sus niveles, ese tema siempre ha estado en nuestra agenda de gobierno y tenemos que asegurar que los ni\u00f1os y j\u00f3venes tengan oportunidades de verdad con una buena ense\u00f1anza\u201d, agreg\u00f3.<\/p>\n<p>Mercedes Ar\u00e1oz dijo luego que todas las fuerzas pol\u00edticas deben actuar con la madurez y responsabilidades correspondientes para lograr una educaci\u00f3n del siglo XXI.<\/p>\n<p>\u201cCon la reforma educativa no se transa ni se negocia. Somos claros al respecto y los j\u00f3venes han salido a las calles por ello\u00bb, recalc\u00f3.<\/p>\n","protected":false},"excerpt":{"rendered":"<p>La segunda vicepresidenta, Mercedes Ar\u00e1oz, expres\u00f3 que el jefe del Estado, en su mensaje al pa\u00eds, ha demostrado que es el presidente de todos los peruanos. Lima, 13 Diciembre 2016, (ANDINA).- La segunda vicepresidenta de la Rep\u00fablica, Mercedes Ar\u00e1oz, expres\u00f3 que el jefe del Estado, en su mensaje al pa\u00eds, ha demostrado que es el [&hellip;]<\/p>\n","protected":false},"author":1,"featured_media":1321,"comment_status":"open","ping_status":"open","sticky":false,"template":"","format":"standard","meta":{"rop_custom_images_group":[],"rop_custom_messages_group":[],"rop_publish_now":"initial","rop_publish_now_accounts":[],"rop_publish_now_history":[],"rop_publish_now_status":"pending","footnotes":""},"categories":[5],"tags":[286,79,74,73],"class_list":["post-2697","post","type-post","status-publish","format-standard","has-post-thumbnail","hentry","category-actualidad-informativa","tag-jaime-saavedra","tag-mercedes-araoz","tag-pedro-pablo-kuczynski","tag-ppk"],"_links":{"self":[{"href":"https:\/\/elinformanteperu.com\/index.php\/wp-json\/wp\/v2\/posts\/2697","targetHints":{"allow":["GET"]}}],"collection":[{"href":"https:\/\/elinformanteperu.com\/index.php\/wp-json\/wp\/v2\/posts"}],"about":[{"href":"https:\/\/elinformanteperu.com\/index.php\/wp-json\/wp\/v2\/types\/post"}],"author":[{"embeddable":true,"href":"https:\/\/elinformanteperu.com\/index.php\/wp-json\/wp\/v2\/users\/1"}],"replies":[{"embeddable":true,"href":"https:\/\/elinformanteperu.com\/index.php\/wp-json\/wp\/v2\/comments?post=2697"}],"version-history":[{"count":1,"href":"https:\/\/elinformanteperu.com\/index.php\/wp-json\/wp\/v2\/posts\/2697\/revisions"}],"predecessor-version":[{"id":2698,"href":"https:\/\/elinformanteperu.com\/index.php\/wp-json\/wp\/v2\/posts\/2697\/revisions\/2698"}],"wp:featuredmedia":[{"embeddable":true,"href":"https:\/\/elinformanteperu.com\/index.php\/wp-json\/wp\/v2\/media\/1321"}],"wp:attachment":[{"href":"https:\/\/elinformanteperu.com\/index.php\/wp-json\/wp\/v2\/media?parent=2697"}],"wp:term":[{"taxonomy":"category","embeddable":true,"href":"https:\/\/elinformanteperu.com\/index.php\/wp-json\/wp\/v2\/categories?post=2697"},{"taxonomy":"post_tag","embeddable":true,"href":"https:\/\/elinformanteperu.com\/index.php\/wp-json\/wp\/v2\/tags?post=2697"}],"curies":[{"name":"wp","href":"https:\/\/api.w.org\/{rel}","templated":true}]}}