{"id":2691,"date":"2016-12-14T01:19:26","date_gmt":"2016-12-14T06:19:26","guid":{"rendered":"http:\/\/elinformanteperu.com\/?p=2691"},"modified":"2016-12-14T01:19:26","modified_gmt":"2016-12-14T06:19:26","slug":"mef-eleccion-de-carranza-demuestra-confianza-de-organismos-internacionales","status":"publish","type":"post","link":"https:\/\/elinformanteperu.com\/index.php\/2016\/12\/14\/mef-eleccion-de-carranza-demuestra-confianza-de-organismos-internacionales\/","title":{"rendered":"MEF: Elecci\u00f3n de Carranza demuestra confianza de organismos internacionales"},"content":{"rendered":"<p><strong>El ministro de Econom\u00eda y Finanzas, Alfredo Thorne, destac\u00f3 la designaci\u00f3n del ex ministro de Econom\u00eda, Luis Carranza, como presidente de la CAF.<\/strong><\/p>\n<p><strong>Lima, 13 Diciembre 2016, (ANDINA).-<\/strong> El ministro de Econom\u00eda y Finanzas, Alfredo Thorne, destac\u00f3 la designaci\u00f3n del ex ministro de Econom\u00eda, Luis Carranza, como presidente de la CAF y dijo que la elecci\u00f3n es un gran reconocimiento y demuestra la confianza de los organismos internacionales.<\/p>\n<p>\u201cSaludo el nombramiento de Luis Carranza como presidente del Banco de Desarrollo de Am\u00e9rica Latina (CAF), qui\u00e9n se convierte en el primer peruano en asumir dicho puesto\u201d, declar\u00f3.<\/p>\n<p>En horas de la tarde el nuevo presidente de la CAF Luis Carranza visit\u00f3 jefe de Estado Pedro Pablo Kuczynski en agradecimiento por su nuevo nombramiento, tomando en cuenta que el actual Gobierno lo propuso al puesto.<\/p>\n<p>Cabe indicar que hoy el Directorio de la CAF eligi\u00f3 por amplia mayor\u00eda en una reuni\u00f3n extraordinaria a Luis Carranza Ugarte como el nuevo presidente ejecutivo de esta importante entidad financiera internacional.<\/p>\n<p>Luis Carranza Ugarte, quien asumir\u00e1 el cargo el 1 de abril de 2017, por un per\u00edodo de 5 a\u00f1os, es un destacado economista peruano, quien fue ministro de Econom\u00eda y Finanzas del Per\u00fa en dos ocasiones y trabaj\u00f3 en el Fondo Monetario Internacional.<\/p>\n<p>Asimismo, fue economista jefe para Am\u00e9rica Latina y Mercados Emergentes del BBVA en Espa\u00f1a, entre otros. Actualmente, es el director del Centro de Competitividad para el Desarrollo de la Universidad San Mart\u00edn de Porres.<\/p>\n<p>El presidente ejecutivo electo de la CAF es licenciado en Econom\u00eda por la Pontificia Universidad Cat\u00f3lica del Per\u00fa y ha realizado estudios de Master y Ph.D. en la Universidad de Minnesota.<\/p>\n","protected":false},"excerpt":{"rendered":"<p>El ministro de Econom\u00eda y Finanzas, Alfredo Thorne, destac\u00f3 la designaci\u00f3n del ex ministro de Econom\u00eda, Luis Carranza, como presidente de la CAF. Lima, 13 Diciembre 2016, (ANDINA).- El ministro de Econom\u00eda y Finanzas, Alfredo Thorne, destac\u00f3 la designaci\u00f3n del ex ministro de Econom\u00eda, Luis Carranza, como presidente de la CAF y dijo que la [&hellip;]<\/p>\n","protected":false},"author":1,"featured_media":1755,"comment_status":"open","ping_status":"open","sticky":false,"template":"","format":"standard","meta":{"rop_custom_images_group":[],"rop_custom_messages_group":[],"rop_publish_now":"initial","rop_publish_now_accounts":[],"rop_publish_now_history":[],"rop_publish_now_status":"pending","footnotes":""},"categories":[5],"tags":[316,249,532,315,314],"class_list":["post-2691","post","type-post","status-publish","format-standard","has-post-thumbnail","hentry","category-actualidad-informativa","tag-alfredo-thorne","tag-caf","tag-luis-carranza","tag-mef","tag-ministerio-de-economia-y-finanzas"],"_links":{"self":[{"href":"https:\/\/elinformanteperu.com\/index.php\/wp-json\/wp\/v2\/posts\/2691","targetHints":{"allow":["GET"]}}],"collection":[{"href":"https:\/\/elinformanteperu.com\/index.php\/wp-json\/wp\/v2\/posts"}],"about":[{"href":"https:\/\/elinformanteperu.com\/index.php\/wp-json\/wp\/v2\/types\/post"}],"author":[{"embeddable":true,"href":"https:\/\/elinformanteperu.com\/index.php\/wp-json\/wp\/v2\/users\/1"}],"replies":[{"embeddable":true,"href":"https:\/\/elinformanteperu.com\/index.php\/wp-json\/wp\/v2\/comments?post=2691"}],"version-history":[{"count":1,"href":"https:\/\/elinformanteperu.com\/index.php\/wp-json\/wp\/v2\/posts\/2691\/revisions"}],"predecessor-version":[{"id":2692,"href":"https:\/\/elinformanteperu.com\/index.php\/wp-json\/wp\/v2\/posts\/2691\/revisions\/2692"}],"wp:featuredmedia":[{"embeddable":true,"href":"https:\/\/elinformanteperu.com\/index.php\/wp-json\/wp\/v2\/media\/1755"}],"wp:attachment":[{"href":"https:\/\/elinformanteperu.com\/index.php\/wp-json\/wp\/v2\/media?parent=2691"}],"wp:term":[{"taxonomy":"category","embeddable":true,"href":"https:\/\/elinformanteperu.com\/index.php\/wp-json\/wp\/v2\/categories?post=2691"},{"taxonomy":"post_tag","embeddable":true,"href":"https:\/\/elinformanteperu.com\/index.php\/wp-json\/wp\/v2\/tags?post=2691"}],"curies":[{"name":"wp","href":"https:\/\/api.w.org\/{rel}","templated":true}]}}