{"id":26900,"date":"2018-05-18T00:08:21","date_gmt":"2018-05-18T05:08:21","guid":{"rendered":"http:\/\/elinformanteperu.com\/?p=26900"},"modified":"2018-05-18T00:08:21","modified_gmt":"2018-05-18T05:08:21","slug":"el-31-de-mayo-habra-simulacro-nacional-de-sismo-y-tsunami","status":"publish","type":"post","link":"https:\/\/elinformanteperu.com\/index.php\/2018\/05\/18\/el-31-de-mayo-habra-simulacro-nacional-de-sismo-y-tsunami\/","title":{"rendered":"El 31 de mayo habr\u00e1 simulacro nacional de sismo y tsunami"},"content":{"rendered":"<p><strong><span style=\"color: #000000;\">El pr\u00f3ximo jueves 31 de mayo, a las 10.00 horas, se desarrollar\u00e1 en todo el pa\u00eds el primer Simulacro Nacional de Sismo y Tsunami.<\/span><\/strong><\/p>\n<p><span style=\"color: #000000;\"><strong>Lima, 17 de Mayo 2018, (ANDINA).<\/strong>&#8211; El pr\u00f3ximo jueves 31 de mayo, a las 10.00 horas, se desarrollar\u00e1 en todo el pa\u00eds el primer Simulacro Nacional de Sismo y Tsunami, que recrear\u00e1 la ocurrencia de un terremoto de magnitud 8.5 seguido de un tsunami con olas de 10 metros de alto.<\/span><\/p>\n<p><span style=\"color: #000000;\">El ensayo se desarrollar\u00e1 a las 10.00 horas y convocar\u00e1 la participaci\u00f3n de ni\u00f1os y adultos desde el lugar donde se encuentren a esa hora, explic\u00f3 a la Agencia Andina Ricardo Seijas, coordinador del Centro de Operaciones de Emergencia Nacional (COEN) del Instituto Nacional de Defensa Civil (Indeci).<\/span><\/p>\n<p><span style=\"color: #000000;\">Dijo que si bien se simular\u00e1 un sismo seguido de tsunami, la participaci\u00f3n de los peruanos ser\u00e1 nacional, por lo que incluir\u00e1 a quienes viven en la Sierra y Selva, especialmente los que residen en puntos vulnerables. \u00abPor ejemplo, las autoridades del caso urbano de Arequipa deber\u00e1 ver qu\u00e9 escenarios se plantear\u00e1n ante estos fen\u00f3menos naturales\u00bb.<\/span><\/p>\n<p><span style=\"color: #000000;\">Manifest\u00f3 que en Lima el punto central ser\u00e1 el distrito de La Punta, donde -coment\u00f3- los vecinos deben saber que solo tienen 15 minutos para desplazarse y llegar hasta un edificio alto, dado que las olas del \u00abtsunami\u00bb ser\u00e1n grandes.<\/span><\/p>\n<p><span style=\"color: #000000;\">\u00abEn este ensayo veremos la respuesta de la poblaci\u00f3n ante un sismo y luego ante el tsunami, queremos ver si siguen las rutas de evacuaci\u00f3n y todo el protocolo. En el caso de ciudades de la sierra hay que poner atenci\u00f3n a las viviendas vulnerables y a quienes est\u00e9n cerca de r\u00edos\u00bb, refiri\u00f3.<\/span><\/p>\n<p><span style=\"color: #000000;\">En este oportunidad se pondr\u00e1 a prueba el sistema satelital que manejan todos los participantes del Consejo Nacional de Gesti\u00f3n de Riesgo y Desastres, que van desde autoridades del Ejecutivo, ministerios, gobernadores, entre otros. \u00abLa red satelital se activa en caso se suspendan las comunicaciones, eso suele ocurrir\u00bb.<\/span><\/p>\n<p><span style=\"color: #000000;\">El segundo Simulacro Nacional por sismo seguido de Tsunami tendr\u00e1 lugar el viernes 12 de octubre, a las 08.00 pm.<\/span><\/p>\n","protected":false},"excerpt":{"rendered":"<p>El pr\u00f3ximo jueves 31 de mayo, a las 10.00 horas, se desarrollar\u00e1 en todo el pa\u00eds el primer Simulacro Nacional de Sismo y Tsunami. Lima, 17 de Mayo 2018, (ANDINA).&#8211; El pr\u00f3ximo jueves 31 de mayo, a las 10.00 horas, se desarrollar\u00e1 en todo el pa\u00eds el primer Simulacro Nacional de Sismo y Tsunami, que [&hellip;]<\/p>\n","protected":false},"author":1,"featured_media":16068,"comment_status":"open","ping_status":"open","sticky":false,"template":"","format":"standard","meta":{"rop_custom_images_group":[],"rop_custom_messages_group":[],"rop_publish_now":"initial","rop_publish_now_accounts":[],"rop_publish_now_history":[],"rop_publish_now_status":"pending","footnotes":""},"categories":[10],"tags":[843,148],"class_list":["post-26900","post","type-post","status-publish","format-standard","has-post-thumbnail","hentry","category-actualidad-municipal","tag-coen","tag-indeci"],"_links":{"self":[{"href":"https:\/\/elinformanteperu.com\/index.php\/wp-json\/wp\/v2\/posts\/26900","targetHints":{"allow":["GET"]}}],"collection":[{"href":"https:\/\/elinformanteperu.com\/index.php\/wp-json\/wp\/v2\/posts"}],"about":[{"href":"https:\/\/elinformanteperu.com\/index.php\/wp-json\/wp\/v2\/types\/post"}],"author":[{"embeddable":true,"href":"https:\/\/elinformanteperu.com\/index.php\/wp-json\/wp\/v2\/users\/1"}],"replies":[{"embeddable":true,"href":"https:\/\/elinformanteperu.com\/index.php\/wp-json\/wp\/v2\/comments?post=26900"}],"version-history":[{"count":1,"href":"https:\/\/elinformanteperu.com\/index.php\/wp-json\/wp\/v2\/posts\/26900\/revisions"}],"predecessor-version":[{"id":26902,"href":"https:\/\/elinformanteperu.com\/index.php\/wp-json\/wp\/v2\/posts\/26900\/revisions\/26902"}],"wp:featuredmedia":[{"embeddable":true,"href":"https:\/\/elinformanteperu.com\/index.php\/wp-json\/wp\/v2\/media\/16068"}],"wp:attachment":[{"href":"https:\/\/elinformanteperu.com\/index.php\/wp-json\/wp\/v2\/media?parent=26900"}],"wp:term":[{"taxonomy":"category","embeddable":true,"href":"https:\/\/elinformanteperu.com\/index.php\/wp-json\/wp\/v2\/categories?post=26900"},{"taxonomy":"post_tag","embeddable":true,"href":"https:\/\/elinformanteperu.com\/index.php\/wp-json\/wp\/v2\/tags?post=26900"}],"curies":[{"name":"wp","href":"https:\/\/api.w.org\/{rel}","templated":true}]}}