{"id":26885,"date":"2018-05-17T23:24:18","date_gmt":"2018-05-18T04:24:18","guid":{"rendered":"http:\/\/elinformanteperu.com\/?p=26885"},"modified":"2018-05-17T23:24:18","modified_gmt":"2018-05-18T04:24:18","slug":"fuerte-sismo-en-mala-tambien-se-sintio-en-ica-huancavelica-y-junin","status":"publish","type":"post","link":"https:\/\/elinformanteperu.com\/index.php\/2018\/05\/17\/fuerte-sismo-en-mala-tambien-se-sintio-en-ica-huancavelica-y-junin\/","title":{"rendered":"Fuerte sismo en Mala tambi\u00e9n se sinti\u00f3 en Ica, Huancavelica y Jun\u00edn"},"content":{"rendered":"<p><strong><span style=\"color: #000000;\">El sismo de magnitud 5.5 que se present\u00f3 esta ma\u00f1ana en el distrito de Mala, provincia lime\u00f1a de Ca\u00f1ete, se percibi\u00f3 tambi\u00e9n en las regiones de Ica, Huancavelica y Jun\u00edn.<\/span><\/strong><\/p>\n<p><span style=\"color: #000000;\"><strong>Lima, 17 de Mayo 2018, (ANDINA).-<\/strong> El sismo de magnitud 5.5 que se present\u00f3 esta ma\u00f1ana en el distrito de Mala, provincia lime\u00f1a de Ca\u00f1ete, se percibi\u00f3 tambi\u00e9n en las regiones de Ica, Huancavelica y Jun\u00edn, pero no ocasion\u00f3 da\u00f1os a la salud, inform\u00f3 el Instituto Nacional de Defensa Civil (Indeci).<\/span><\/p>\n<p><span style=\"color: #000000;\">De acuerdo al monitoreo realizado por dicha instituci\u00f3n, el evento s\u00edsmico fue sentido en los distritos de Chilca, Asia, Quilman\u00e1, Lunahuan\u00e1, San Vicente de Ca\u00f1ete, lo mismo que en Ica, la Provincia Constitucional del Callao y Lima. Defensa Civil de dichas jurisdicciones contin\u00faan con el monitoreo.<\/span><\/p>\n<p><span style=\"color: #000000;\">Personal de Indeci del distrito de Mala dio cuenta sobre peque\u00f1os desprendimientos de roca en algunas v\u00edas de la zona de Cerro Colorado, las que fueron despejadas por personal del municipio distrital.<\/span><\/p>\n<p><span style=\"color: #000000;\">El Centro de Operaciones de Emergencia (COE) del Ministerio del Interior precis\u00f3 que efectivos de la comisaria de Mala patrullaron toda la jurisdicci\u00f3n, con el fin de verificar da\u00f1os materiales o personas heridas, sin hallar afectaciones.<\/span><\/p>\n<p><span style=\"color: #000000;\">Por su parte, el Ministerio de Salud (Minsa) realiz\u00f3 un monitoreo en los establecimientos de salud de Lima, Ca\u00f1ete, Callao, Chincha (Ica), Jun\u00edn y Huanca Sancos (Huancavelica) sin presentar novedades.<\/span><\/p>\n<p><span style=\"color: #000000;\">El Ministerio de Transportes y Comunicaciones (MTC) tampoco report\u00f3 bloqueos de v\u00eda ni da\u00f1os en carreteras ni a las comunicaciones. En tanto, en el aeropuerto de Pisco se desarrollan las actividades con normalidad.<\/span><\/p>\n<p><span style=\"color: #000000;\">En un colegio de Mala se suspendi\u00f3 clases por rajaduras<\/span><\/p>\n<p><span style=\"color: #000000;\">A trav\u00e9s de su Centro de Operaciones de Emergencia (COE), el Ministerio de Educaci\u00f3n (Minedu) activ\u00f3 su protocolo de monitoreo ante sismos en el distrito de Mala, con el prop\u00f3sito de determinar la situaci\u00f3n de los centros educativos.<\/span><\/p>\n<p><span style=\"color: #000000;\">Por seguridad, se suspendi\u00f3 las clases en la Instituci\u00f3n Educativa Inicial 323 de Mala, donde se report\u00f3 rajaduras en su infraestructura. Se encuentran en evaluaci\u00f3n.<\/span><\/p>\n<p><span style=\"color: #000000;\">De igual modo, el colegio Dignidad Nacional, de la Unidad de Gesti\u00f3n Educativa Local (UGEL) 08, sufri\u00f3 una ligera afectaci\u00f3n (desprendimiento de una peque\u00f1a porci\u00f3n del z\u00f3calo de una de sus paredes), por lo que las labores escolares contin\u00faan con normalidad.<\/span><\/p>\n<p><span style=\"color: #000000;\">El Minedu tambi\u00e9n organiz\u00f3 simulacros de evacuaci\u00f3n inopinados en algunos colegios del sector.<\/span><\/p>\n<p><span style=\"color: #000000;\">El movimiento tel\u00farico ocurri\u00f3 a las 06:07 de esta ma\u00f1ana a 30 kil\u00f3metros al suroeste de Mala, alcanzando intensidad V en esa localidad. El sismo se produjo a una profundidad de 63 kil\u00f3metros, de acuerdo con el reporte del Instituto Geof\u00edsico del Per\u00fa (IGP).<\/span><\/p>\n","protected":false},"excerpt":{"rendered":"<p>El sismo de magnitud 5.5 que se present\u00f3 esta ma\u00f1ana en el distrito de Mala, provincia lime\u00f1a de Ca\u00f1ete, se percibi\u00f3 tambi\u00e9n en las regiones de Ica, Huancavelica y Jun\u00edn. Lima, 17 de Mayo 2018, (ANDINA).- El sismo de magnitud 5.5 que se present\u00f3 esta ma\u00f1ana en el distrito de Mala, provincia lime\u00f1a de Ca\u00f1ete, [&hellip;]<\/p>\n","protected":false},"author":1,"featured_media":12731,"comment_status":"open","ping_status":"open","sticky":false,"template":"","format":"standard","meta":{"rop_custom_images_group":[],"rop_custom_messages_group":[],"rop_publish_now":"initial","rop_publish_now_accounts":[],"rop_publish_now_history":[],"rop_publish_now_status":"pending","footnotes":""},"categories":[10],"tags":[843,148],"class_list":["post-26885","post","type-post","status-publish","format-standard","has-post-thumbnail","hentry","category-actualidad-municipal","tag-coen","tag-indeci"],"_links":{"self":[{"href":"https:\/\/elinformanteperu.com\/index.php\/wp-json\/wp\/v2\/posts\/26885","targetHints":{"allow":["GET"]}}],"collection":[{"href":"https:\/\/elinformanteperu.com\/index.php\/wp-json\/wp\/v2\/posts"}],"about":[{"href":"https:\/\/elinformanteperu.com\/index.php\/wp-json\/wp\/v2\/types\/post"}],"author":[{"embeddable":true,"href":"https:\/\/elinformanteperu.com\/index.php\/wp-json\/wp\/v2\/users\/1"}],"replies":[{"embeddable":true,"href":"https:\/\/elinformanteperu.com\/index.php\/wp-json\/wp\/v2\/comments?post=26885"}],"version-history":[{"count":1,"href":"https:\/\/elinformanteperu.com\/index.php\/wp-json\/wp\/v2\/posts\/26885\/revisions"}],"predecessor-version":[{"id":26887,"href":"https:\/\/elinformanteperu.com\/index.php\/wp-json\/wp\/v2\/posts\/26885\/revisions\/26887"}],"wp:featuredmedia":[{"embeddable":true,"href":"https:\/\/elinformanteperu.com\/index.php\/wp-json\/wp\/v2\/media\/12731"}],"wp:attachment":[{"href":"https:\/\/elinformanteperu.com\/index.php\/wp-json\/wp\/v2\/media?parent=26885"}],"wp:term":[{"taxonomy":"category","embeddable":true,"href":"https:\/\/elinformanteperu.com\/index.php\/wp-json\/wp\/v2\/categories?post=26885"},{"taxonomy":"post_tag","embeddable":true,"href":"https:\/\/elinformanteperu.com\/index.php\/wp-json\/wp\/v2\/tags?post=26885"}],"curies":[{"name":"wp","href":"https:\/\/api.w.org\/{rel}","templated":true}]}}