{"id":26878,"date":"2018-05-17T22:55:17","date_gmt":"2018-05-18T03:55:17","guid":{"rendered":"http:\/\/elinformanteperu.com\/?p=26878"},"modified":"2018-05-17T22:55:17","modified_gmt":"2018-05-18T03:55:17","slug":"paolo-guerrero-se-reunio-con-el-presidente-de-la-fpf-en-la-videna","status":"publish","type":"post","link":"https:\/\/elinformanteperu.com\/index.php\/2018\/05\/17\/paolo-guerrero-se-reunio-con-el-presidente-de-la-fpf-en-la-videna\/","title":{"rendered":"Paolo Guerrero se reuni\u00f3 con el presidente de la FPF en la Videna"},"content":{"rendered":"<p><strong><span style=\"color: #000000;\">El delantero Paolo Guerrero se reuni\u00f3 con el presidente de la Federaci\u00f3n Peruana de F\u00fatbol (FPF), Edwin Oviedo, en la Villa Deportiva Nacional (Videna) de San Luis.<\/span><\/strong><\/p>\n<p><span style=\"color: #000000;\"><strong>Lima, 17 de Mayo 2018, (ANDINA).-<\/strong> El delantero Paolo Guerrero se reuni\u00f3 con el presidente de la Federaci\u00f3n Peruana de F\u00fatbol (FPF), Edwin Oviedo, en la Villa Deportiva Nacional (Videna) de San Luis.<\/span><\/p>\n<p><span style=\"color: #000000;\">La FPF, a trav\u00e9s de su cuenta en Twitter, inform\u00f3 que los alcances de lo conversado se mantendr\u00e1n en reserva por acuerdo de ambas partes.<\/span><\/p>\n<p><span style=\"color: #000000;\">Guerrero lleg\u00f3 a Lima el martes \u00faltimo tras conocerse la suspensi\u00f3n por 14 meses que le impuso el Tribunal de Arbitraje Deportivo (TAS) por el resultado anal\u00edtico adverso que arroj\u00f3 en una prueba antidopaje en la \u00faltima etapa de las clasificatorias a Rusia 2018.<\/span><\/p>\n<p><span style=\"color: #000000;\">El hasta entonces capit\u00e1n de la blanquirroja ha expresado su inocencia en este caso en repetidas oportunidades.<\/span><\/p>\n<p><span style=\"color: #000000;\">En la v\u00edspera, el director t\u00e9cnico de la selecci\u00f3n, Ricardo Gareca, expres\u00f3 su solidaridad con el atacante nacional y dijo que el f\u00fatbol mundial no deber\u00eda permitir una sanci\u00f3n de esa naturaleza.<\/span><\/p>\n<p><img fetchpriority=\"high\" decoding=\"async\" class=\"aligncenter size-full wp-image-26663\" src=\"http:\/\/elinformanteperu.com\/wp-content\/uploads\/2018\/05\/videna-fachada.jpg\" alt=\"\" width=\"1800\" height=\"1200\" srcset=\"https:\/\/elinformanteperu.com\/wp-content\/uploads\/2018\/05\/videna-fachada.jpg 1800w, https:\/\/elinformanteperu.com\/wp-content\/uploads\/2018\/05\/videna-fachada-300x200.jpg 300w, https:\/\/elinformanteperu.com\/wp-content\/uploads\/2018\/05\/videna-fachada-768x512.jpg 768w, https:\/\/elinformanteperu.com\/wp-content\/uploads\/2018\/05\/videna-fachada-1024x683.jpg 1024w, https:\/\/elinformanteperu.com\/wp-content\/uploads\/2018\/05\/videna-fachada-128x85.jpg 128w, https:\/\/elinformanteperu.com\/wp-content\/uploads\/2018\/05\/videna-fachada-32x21.jpg 32w\" sizes=\"(max-width: 1800px) 100vw, 1800px\" \/><\/p>\n","protected":false},"excerpt":{"rendered":"<p>El delantero Paolo Guerrero se reuni\u00f3 con el presidente de la Federaci\u00f3n Peruana de F\u00fatbol (FPF), Edwin Oviedo, en la Villa Deportiva Nacional (Videna) de San Luis. Lima, 17 de Mayo 2018, (ANDINA).- El delantero Paolo Guerrero se reuni\u00f3 con el presidente de la Federaci\u00f3n Peruana de F\u00fatbol (FPF), Edwin Oviedo, en la Villa Deportiva [&hellip;]<\/p>\n","protected":false},"author":1,"featured_media":26295,"comment_status":"open","ping_status":"open","sticky":false,"template":"","format":"standard","meta":{"rop_custom_images_group":[],"rop_custom_messages_group":[],"rop_publish_now":"initial","rop_publish_now_accounts":[],"rop_publish_now_history":[],"rop_publish_now_status":"pending","footnotes":""},"categories":[8],"tags":[694,204,268,205,203,1577],"class_list":["post-26878","post","type-post","status-publish","format-standard","has-post-thumbnail","hentry","category-disciplinas-deportivas","tag-edwin-oviedo","tag-federacion-peruana-de-futbol","tag-fifa","tag-fpf","tag-paolo-guerrero","tag-tas"],"_links":{"self":[{"href":"https:\/\/elinformanteperu.com\/index.php\/wp-json\/wp\/v2\/posts\/26878","targetHints":{"allow":["GET"]}}],"collection":[{"href":"https:\/\/elinformanteperu.com\/index.php\/wp-json\/wp\/v2\/posts"}],"about":[{"href":"https:\/\/elinformanteperu.com\/index.php\/wp-json\/wp\/v2\/types\/post"}],"author":[{"embeddable":true,"href":"https:\/\/elinformanteperu.com\/index.php\/wp-json\/wp\/v2\/users\/1"}],"replies":[{"embeddable":true,"href":"https:\/\/elinformanteperu.com\/index.php\/wp-json\/wp\/v2\/comments?post=26878"}],"version-history":[{"count":1,"href":"https:\/\/elinformanteperu.com\/index.php\/wp-json\/wp\/v2\/posts\/26878\/revisions"}],"predecessor-version":[{"id":26880,"href":"https:\/\/elinformanteperu.com\/index.php\/wp-json\/wp\/v2\/posts\/26878\/revisions\/26880"}],"wp:featuredmedia":[{"embeddable":true,"href":"https:\/\/elinformanteperu.com\/index.php\/wp-json\/wp\/v2\/media\/26295"}],"wp:attachment":[{"href":"https:\/\/elinformanteperu.com\/index.php\/wp-json\/wp\/v2\/media?parent=26878"}],"wp:term":[{"taxonomy":"category","embeddable":true,"href":"https:\/\/elinformanteperu.com\/index.php\/wp-json\/wp\/v2\/categories?post=26878"},{"taxonomy":"post_tag","embeddable":true,"href":"https:\/\/elinformanteperu.com\/index.php\/wp-json\/wp\/v2\/tags?post=26878"}],"curies":[{"name":"wp","href":"https:\/\/api.w.org\/{rel}","templated":true}]}}