{"id":26874,"date":"2018-05-17T22:50:43","date_gmt":"2018-05-18T03:50:43","guid":{"rendered":"http:\/\/elinformanteperu.com\/?p=26874"},"modified":"2018-05-17T22:50:43","modified_gmt":"2018-05-18T03:50:43","slug":"seleccion-continua-con-entrenamientos-con-miras-a-encuentro-frente-a-escocia","status":"publish","type":"post","link":"https:\/\/elinformanteperu.com\/index.php\/2018\/05\/17\/seleccion-continua-con-entrenamientos-con-miras-a-encuentro-frente-a-escocia\/","title":{"rendered":"Selecci\u00f3n contin\u00faa con entrenamientos con miras a encuentro frente a Escocia"},"content":{"rendered":"<p><strong><span style=\"color: #000000;\">La selecci\u00f3n nacional, bajo la direcci\u00f3n de Ricardo Gareca, continu\u00f3 los entrenamientos previos al encuentro con Escocia y con miras al Mundial de Rusia 2018.<\/span><\/strong><\/p>\n<p><span style=\"color: #000000;\"><strong>Lima, 17 de Mayo 2018, (ANDINA).-<\/strong> La selecci\u00f3n nacional, bajo la direcci\u00f3n de Ricardo Gareca, continu\u00f3 los entrenamientos previos al encuentro con Escocia y con miras a su participaci\u00f3n en el Mundial de Rusia 2018.<\/span><\/p>\n<p><span style=\"color: #000000;\">Los jugadores ingresaron al campo principal de la Villa Deportiva Nacional (Videna) para iniciar los trabajos pre competitivos antes de iniciar las labores t\u00e1cticas.<\/span><\/p>\n<p><span style=\"color: #000000;\">La novedad del octavo entrenamiento del combinado nacional fue la presencia del mediocampista del Granada (Espa\u00f1a), Sergio Pe\u00f1a; as\u00ed tambi\u00e9n se pudo observar al defensa Alberto Rodr\u00edguez (Junior, Colombia) totalmente recuperado.<\/span><\/p>\n<p><span style=\"color: #000000;\">Conocida la lista provisional de los jugadores para el Mundial de Rusia 2018, el seleccionado sigue con su preparaci\u00f3n con miras a los pr\u00f3ximos encuentros amistosos, previos a la justa internacional.<\/span><\/p>\n<p><span style=\"color: #000000;\">Como es costumbre, luego de los trabajos realizados por Gareca y su comando t\u00e9cnico, se desarrollar\u00e1 la conferencia de prensa de los jugadores designados para conversar con los medios de comunicaci\u00f3n.<\/span><\/p>\n<p><img fetchpriority=\"high\" decoding=\"async\" class=\"aligncenter size-full wp-image-26729\" src=\"http:\/\/elinformanteperu.com\/wp-content\/uploads\/2018\/05\/cueva-entrenamientos.jpg\" alt=\"\" width=\"1800\" height=\"1466\" srcset=\"https:\/\/elinformanteperu.com\/wp-content\/uploads\/2018\/05\/cueva-entrenamientos.jpg 1800w, https:\/\/elinformanteperu.com\/wp-content\/uploads\/2018\/05\/cueva-entrenamientos-300x244.jpg 300w, https:\/\/elinformanteperu.com\/wp-content\/uploads\/2018\/05\/cueva-entrenamientos-768x625.jpg 768w, https:\/\/elinformanteperu.com\/wp-content\/uploads\/2018\/05\/cueva-entrenamientos-1024x834.jpg 1024w, https:\/\/elinformanteperu.com\/wp-content\/uploads\/2018\/05\/cueva-entrenamientos-128x104.jpg 128w, https:\/\/elinformanteperu.com\/wp-content\/uploads\/2018\/05\/cueva-entrenamientos-32x26.jpg 32w\" sizes=\"(max-width: 1800px) 100vw, 1800px\" \/><\/p>\n","protected":false},"excerpt":{"rendered":"<p>La selecci\u00f3n nacional, bajo la direcci\u00f3n de Ricardo Gareca, continu\u00f3 los entrenamientos previos al encuentro con Escocia y con miras al Mundial de Rusia 2018. Lima, 17 de Mayo 2018, (ANDINA).- La selecci\u00f3n nacional, bajo la direcci\u00f3n de Ricardo Gareca, continu\u00f3 los entrenamientos previos al encuentro con Escocia y con miras a su participaci\u00f3n en [&hellip;]<\/p>\n","protected":false},"author":1,"featured_media":26876,"comment_status":"open","ping_status":"open","sticky":false,"template":"","format":"standard","meta":{"rop_custom_images_group":[],"rop_custom_messages_group":[],"rop_publish_now":"initial","rop_publish_now_accounts":[],"rop_publish_now_history":[],"rop_publish_now_status":"pending","footnotes":""},"categories":[8],"tags":[92,137],"class_list":["post-26874","post","type-post","status-publish","format-standard","has-post-thumbnail","hentry","category-disciplinas-deportivas","tag-ricardo-gareca","tag-seleccion-peruana"],"_links":{"self":[{"href":"https:\/\/elinformanteperu.com\/index.php\/wp-json\/wp\/v2\/posts\/26874","targetHints":{"allow":["GET"]}}],"collection":[{"href":"https:\/\/elinformanteperu.com\/index.php\/wp-json\/wp\/v2\/posts"}],"about":[{"href":"https:\/\/elinformanteperu.com\/index.php\/wp-json\/wp\/v2\/types\/post"}],"author":[{"embeddable":true,"href":"https:\/\/elinformanteperu.com\/index.php\/wp-json\/wp\/v2\/users\/1"}],"replies":[{"embeddable":true,"href":"https:\/\/elinformanteperu.com\/index.php\/wp-json\/wp\/v2\/comments?post=26874"}],"version-history":[{"count":1,"href":"https:\/\/elinformanteperu.com\/index.php\/wp-json\/wp\/v2\/posts\/26874\/revisions"}],"predecessor-version":[{"id":26877,"href":"https:\/\/elinformanteperu.com\/index.php\/wp-json\/wp\/v2\/posts\/26874\/revisions\/26877"}],"wp:featuredmedia":[{"embeddable":true,"href":"https:\/\/elinformanteperu.com\/index.php\/wp-json\/wp\/v2\/media\/26876"}],"wp:attachment":[{"href":"https:\/\/elinformanteperu.com\/index.php\/wp-json\/wp\/v2\/media?parent=26874"}],"wp:term":[{"taxonomy":"category","embeddable":true,"href":"https:\/\/elinformanteperu.com\/index.php\/wp-json\/wp\/v2\/categories?post=26874"},{"taxonomy":"post_tag","embeddable":true,"href":"https:\/\/elinformanteperu.com\/index.php\/wp-json\/wp\/v2\/tags?post=26874"}],"curies":[{"name":"wp","href":"https:\/\/api.w.org\/{rel}","templated":true}]}}