{"id":26866,"date":"2018-05-17T22:44:11","date_gmt":"2018-05-18T03:44:11","guid":{"rendered":"http:\/\/elinformanteperu.com\/?p=26866"},"modified":"2018-05-17T22:44:11","modified_gmt":"2018-05-18T03:44:11","slug":"defensa-de-paolo-guerrero-evalua-presentar-medida-cautelar-ante-tribunal-federal-suizo","status":"publish","type":"post","link":"https:\/\/elinformanteperu.com\/index.php\/2018\/05\/17\/defensa-de-paolo-guerrero-evalua-presentar-medida-cautelar-ante-tribunal-federal-suizo\/","title":{"rendered":"Defensa de Paolo Guerrero eval\u00faa presentar medida cautelar ante Tribunal Federal Suizo"},"content":{"rendered":"<p><strong><span style=\"color: #000000;\">El abogado Julio Garc\u00eda Torres, representante de Paolo Guerrero, indic\u00f3 que la defensa del futbolista eval\u00faa presentar una medida cautelar.<\/span><\/strong><\/p>\n<p><span style=\"color: #000000;\"><strong>Lima, 17 de Mayo 2018, (ANDINA).-<\/strong> El abogado Julio Garc\u00eda Torres, representante de Paolo Guerrero, indic\u00f3 que la defensa del futbolista eval\u00faa presentar una medida cautelar ante el Tribunal Federal Suizo contra el laudo del Tribunal Arbitral Deportivo (TAS), que ampl\u00eda de seis a 14 meses la sanci\u00f3n al capit\u00e1n de la selecci\u00f3n peruana.<\/span><\/p>\n<p><span style=\"color: #000000;\">La medida, seg\u00fan explic\u00f3, buscar\u00e1 suspender el efecto del laudo arbitral y rehabilitar a Paolo Guerrero en su vida deportiva, lo que abre la posibilidad de que pueda estar en el Mundial de Rusia 2018.<\/span><\/p>\n<p><span style=\"color: #000000;\">\u201cEs complicado, dif\u00edcil; pero la esperanza no se ha agotado\u201d, indic\u00f3 Garc\u00eda Torres en \u00abLatina\u00bb.<\/span><\/p>\n<p><span style=\"color: #000000;\">Coment\u00f3 que ya tienen designado un abogado en Suiza para presentar la medida cautelar que podr\u00eda resolverse, en el mejor de los casos, en un plazo de 10 d\u00edas.<\/span><\/p>\n<p><span style=\"color: #000000;\">Las razones que argumentar\u00e1n, seg\u00fan dijo, es que no cuentan hasta el momento con el sustento de la resoluci\u00f3n que ampl\u00eda la sanci\u00f3n a Paolo Guerrero y lo deja fuera del Mundial de Rusia 2018, lo que afecta el debido proceso.<\/span><\/p>\n<p><span style=\"color: #000000;\">Si se ampara el pedido, la FIFA estar\u00eda obligada a acatarlo dado que se han cumplido los seis meses de sanci\u00f3n impuestos en un principio por este organismo al jugador.<\/span><\/p>\n<p><span style=\"color: #000000;\">En ese prop\u00f3sito, refiri\u00f3 que es importante la ayuda ofrecida por el presidente Mart\u00edn Vizcarra, dado que se trata de apoyo log\u00edstico en Suiza y, eventualmente, pol\u00edtico.<\/span><\/p>\n<p><span style=\"color: #000000;\">\u201cEs una decisi\u00f3n jurisdiccional, independiente; pero el soporte log\u00edstico ayuda bastante\u201d, afirm\u00f3.<\/span><\/p>\n<p><img fetchpriority=\"high\" decoding=\"async\" class=\"aligncenter size-full wp-image-17961\" src=\"http:\/\/elinformanteperu.com\/wp-content\/uploads\/2017\/11\/paolo-guerrero-idolo1.jpg\" alt=\"\" width=\"740\" height=\"512\" srcset=\"https:\/\/elinformanteperu.com\/wp-content\/uploads\/2017\/11\/paolo-guerrero-idolo1.jpg 740w, https:\/\/elinformanteperu.com\/wp-content\/uploads\/2017\/11\/paolo-guerrero-idolo1-300x208.jpg 300w, https:\/\/elinformanteperu.com\/wp-content\/uploads\/2017\/11\/paolo-guerrero-idolo1-128x89.jpg 128w, https:\/\/elinformanteperu.com\/wp-content\/uploads\/2017\/11\/paolo-guerrero-idolo1-32x22.jpg 32w\" sizes=\"(max-width: 740px) 100vw, 740px\" \/><\/p>\n","protected":false},"excerpt":{"rendered":"<p>El abogado Julio Garc\u00eda Torres, representante de Paolo Guerrero, indic\u00f3 que la defensa del futbolista eval\u00faa presentar una medida cautelar. Lima, 17 de Mayo 2018, (ANDINA).- El abogado Julio Garc\u00eda Torres, representante de Paolo Guerrero, indic\u00f3 que la defensa del futbolista eval\u00faa presentar una medida cautelar ante el Tribunal Federal Suizo contra el laudo del [&hellip;]<\/p>\n","protected":false},"author":1,"featured_media":26868,"comment_status":"open","ping_status":"open","sticky":false,"template":"","format":"standard","meta":{"rop_custom_images_group":[],"rop_custom_messages_group":[],"rop_publish_now":"initial","rop_publish_now_accounts":[],"rop_publish_now_history":[],"rop_publish_now_status":"pending","footnotes":""},"categories":[8],"tags":[268,203,1577],"class_list":["post-26866","post","type-post","status-publish","format-standard","has-post-thumbnail","hentry","category-disciplinas-deportivas","tag-fifa","tag-paolo-guerrero","tag-tas"],"_links":{"self":[{"href":"https:\/\/elinformanteperu.com\/index.php\/wp-json\/wp\/v2\/posts\/26866","targetHints":{"allow":["GET"]}}],"collection":[{"href":"https:\/\/elinformanteperu.com\/index.php\/wp-json\/wp\/v2\/posts"}],"about":[{"href":"https:\/\/elinformanteperu.com\/index.php\/wp-json\/wp\/v2\/types\/post"}],"author":[{"embeddable":true,"href":"https:\/\/elinformanteperu.com\/index.php\/wp-json\/wp\/v2\/users\/1"}],"replies":[{"embeddable":true,"href":"https:\/\/elinformanteperu.com\/index.php\/wp-json\/wp\/v2\/comments?post=26866"}],"version-history":[{"count":1,"href":"https:\/\/elinformanteperu.com\/index.php\/wp-json\/wp\/v2\/posts\/26866\/revisions"}],"predecessor-version":[{"id":26869,"href":"https:\/\/elinformanteperu.com\/index.php\/wp-json\/wp\/v2\/posts\/26866\/revisions\/26869"}],"wp:featuredmedia":[{"embeddable":true,"href":"https:\/\/elinformanteperu.com\/index.php\/wp-json\/wp\/v2\/media\/26868"}],"wp:attachment":[{"href":"https:\/\/elinformanteperu.com\/index.php\/wp-json\/wp\/v2\/media?parent=26866"}],"wp:term":[{"taxonomy":"category","embeddable":true,"href":"https:\/\/elinformanteperu.com\/index.php\/wp-json\/wp\/v2\/categories?post=26866"},{"taxonomy":"post_tag","embeddable":true,"href":"https:\/\/elinformanteperu.com\/index.php\/wp-json\/wp\/v2\/tags?post=26866"}],"curies":[{"name":"wp","href":"https:\/\/api.w.org\/{rel}","templated":true}]}}