{"id":26862,"date":"2018-05-17T01:22:57","date_gmt":"2018-05-17T06:22:57","guid":{"rendered":"http:\/\/elinformanteperu.com\/?p=26862"},"modified":"2018-05-17T01:22:57","modified_gmt":"2018-05-17T06:22:57","slug":"congresista-jorge-castro-anuncio-que-renunciara-al-frente-amplio","status":"publish","type":"post","link":"https:\/\/elinformanteperu.com\/index.php\/2018\/05\/17\/congresista-jorge-castro-anuncio-que-renunciara-al-frente-amplio\/","title":{"rendered":"Congresista Jorge Castro anunci\u00f3 que renunciar\u00e1 al Frente Amplio"},"content":{"rendered":"<p><strong><span style=\"color: #000000;\">El congresista Jorge Castro anunci\u00f3 que renunciar\u00e1 de manera irrevocable a la bancada parlamentaria del Frente Amplio, en la que confes\u00f3 sentirse inc\u00f3modo.<\/span><\/strong><\/p>\n<p><span style=\"color: #000000;\"><strong>Lima, 16 de Mayo 2018, (ANDINA).-<\/strong> El congresista Jorge Castro anunci\u00f3 que renunciar\u00e1 de manera irrevocable a la bancada parlamentaria del Frente Amplio, en la que confes\u00f3 sentirse inc\u00f3modo desde hace algunos meses por las diferencias que dijo tener con el trabajo de ese grupo congresal.<\/span><\/p>\n<p><span style=\"color: #000000;\">\u201cSon inc\u00f3modos tantos problemas que hay, incluso desde el punto de vista ideol\u00f3gico: no hacemos pol\u00edtica, no analizamos los eventos, no tomamos adecuadas decisiones, tampoco tenemos apoyo de ninguna naturaleza y m\u00e1s estamos en discusiones de car\u00e1cter est\u00e9ril\u201d, subray\u00f3.<\/span><\/p>\n<p><span style=\"color: #000000;\">El legislador de izquierda tambi\u00e9n critic\u00f3 que los integrantes del Frente Amplio tengan que estar saliendo de manera frecuente a los medios para justificar las declaraciones y\/o acciones \u201cdesproporcionadas\u201d en las que incurre sus colegas de bancada, lo cual -dijo- \u201ctampoco es lo m\u00e1s adecuado\u201d.<\/span><\/p>\n<p><span style=\"color: #000000;\">\u201cYo estoy inc\u00f3modo. A m\u00ed no me han elegido para estar permanentemente en ese tipo de cosas o dando explicaciones de esa naturaleza. Me gustar\u00eda m\u00e1s bien hablar sobre el desarrollo nacional, venir a aportar, pero ac\u00e1 (en el Frente Amplio) no lo puedo hacer\u201d, refiri\u00f3 en di\u00e1logo con la Agencia Andina.<\/span><\/p>\n<p><span style=\"color: #000000;\">Incluso, revel\u00f3 que un factor que lo llev\u00f3 a pensar desde hace cinco meses en la renuncia fue la decisi\u00f3n del Frente Amplio de retirarlo \u201csin justificaci\u00f3n\u201d de la Comisi\u00f3n Lava Jato, en diciembre de 2017, grupo en el que ejerc\u00eda la funci\u00f3n de vicepresidente.<\/span><\/p>\n<p><span style=\"color: #000000;\">Para Jorge Castro, en la bancada del Frente Amplio no existe un criterio s\u00f3lido de unidad desde el punto de vista pol\u00edtico, lo que agudiza la incomodidad que lo llev\u00f3 primero a meditar y luego a tomar la decisi\u00f3n de renunciar.<\/span><\/p>\n<p><span style=\"color: #000000;\">Seg\u00fan el congresista, \u201cla gota de derram\u00f3 el vaso\u201d para despejar cualquier duda en su intenci\u00f3n de renunciar al Frente Amplio fue el informe period\u00edstico que revel\u00f3 que su colega Mar\u00eda Foronda hab\u00eda contratado como personal de confianza a la ex emerretista Nancy Madrid Bonilla, sentenciada por terrorismo.<\/span><\/p>\n<p><span style=\"color: #000000;\">Detall\u00f3 que el l\u00edder del Frente Amplio, Marco Arana, ya fue informado sobre su dimisi\u00f3n, y que esta se concretar\u00e1 en ocho d\u00edas como m\u00e1ximo, plazo dentro del cual presentar\u00e1 su carta de renuncia al vocero de esa bancada, Wilbert Rozas.<\/span><\/p>\n<p><span style=\"color: #000000;\">Jorge Castro confirm\u00f3 que con su renuncia pasar\u00e1 a las filas de los parlamentarios independientes o no agrupados.<\/span><\/p>\n","protected":false},"excerpt":{"rendered":"<p>El congresista Jorge Castro anunci\u00f3 que renunciar\u00e1 de manera irrevocable a la bancada parlamentaria del Frente Amplio, en la que confes\u00f3 sentirse inc\u00f3modo. Lima, 16 de Mayo 2018, (ANDINA).- El congresista Jorge Castro anunci\u00f3 que renunciar\u00e1 de manera irrevocable a la bancada parlamentaria del Frente Amplio, en la que confes\u00f3 sentirse inc\u00f3modo desde hace algunos [&hellip;]<\/p>\n","protected":false},"author":1,"featured_media":26864,"comment_status":"open","ping_status":"open","sticky":false,"template":"","format":"standard","meta":{"rop_custom_images_group":[],"rop_custom_messages_group":[],"rop_publish_now":"initial","rop_publish_now_accounts":[],"rop_publish_now_history":[],"rop_publish_now_status":"pending","footnotes":""},"categories":[5],"tags":[192,158,2023],"class_list":["post-26862","post","type-post","status-publish","format-standard","has-post-thumbnail","hentry","category-actualidad-informativa","tag-congreso","tag-frente-amplio","tag-jorge-castro"],"_links":{"self":[{"href":"https:\/\/elinformanteperu.com\/index.php\/wp-json\/wp\/v2\/posts\/26862","targetHints":{"allow":["GET"]}}],"collection":[{"href":"https:\/\/elinformanteperu.com\/index.php\/wp-json\/wp\/v2\/posts"}],"about":[{"href":"https:\/\/elinformanteperu.com\/index.php\/wp-json\/wp\/v2\/types\/post"}],"author":[{"embeddable":true,"href":"https:\/\/elinformanteperu.com\/index.php\/wp-json\/wp\/v2\/users\/1"}],"replies":[{"embeddable":true,"href":"https:\/\/elinformanteperu.com\/index.php\/wp-json\/wp\/v2\/comments?post=26862"}],"version-history":[{"count":1,"href":"https:\/\/elinformanteperu.com\/index.php\/wp-json\/wp\/v2\/posts\/26862\/revisions"}],"predecessor-version":[{"id":26865,"href":"https:\/\/elinformanteperu.com\/index.php\/wp-json\/wp\/v2\/posts\/26862\/revisions\/26865"}],"wp:featuredmedia":[{"embeddable":true,"href":"https:\/\/elinformanteperu.com\/index.php\/wp-json\/wp\/v2\/media\/26864"}],"wp:attachment":[{"href":"https:\/\/elinformanteperu.com\/index.php\/wp-json\/wp\/v2\/media?parent=26862"}],"wp:term":[{"taxonomy":"category","embeddable":true,"href":"https:\/\/elinformanteperu.com\/index.php\/wp-json\/wp\/v2\/categories?post=26862"},{"taxonomy":"post_tag","embeddable":true,"href":"https:\/\/elinformanteperu.com\/index.php\/wp-json\/wp\/v2\/tags?post=26862"}],"curies":[{"name":"wp","href":"https:\/\/api.w.org\/{rel}","templated":true}]}}