{"id":26858,"date":"2018-05-17T01:20:17","date_gmt":"2018-05-17T06:20:17","guid":{"rendered":"http:\/\/elinformanteperu.com\/?p=26858"},"modified":"2018-05-17T01:20:17","modified_gmt":"2018-05-17T06:20:17","slug":"cesar-acuna-no-conozco-a-ningun-miembro-ni-socio-de-odebrecht","status":"publish","type":"post","link":"https:\/\/elinformanteperu.com\/index.php\/2018\/05\/17\/cesar-acuna-no-conozco-a-ningun-miembro-ni-socio-de-odebrecht\/","title":{"rendered":"C\u00e9sar Acu\u00f1a: \u201cNo conozco a ning\u00fan miembro ni socio de Odebrecht\u201d"},"content":{"rendered":"<p><strong><span style=\"color: #000000;\">El ex candidato presidencial de Alianza para el Progreso (APP), C\u00e9sar Acu\u00f1a, asegur\u00f3 que no tuvo nada que ver con el contrato de concesi\u00f3n del proyecto Chavimochic.<\/span><\/strong><\/p>\n<p><span style=\"color: #000000;\"><strong>Lima, 16 de Mayo 2018, (ANDINA).-<\/strong> El ex candidato presidencial de Alianza para el Progreso (APP), C\u00e9sar Acu\u00f1a, asegur\u00f3\u00a0 que no tuvo nada que ver con el contrato de concesi\u00f3n de la tercera etapa del proyecto Chavimochic, en La Libertad, y que no conoce a ning\u00fan miembro ni socio de la empresa Odebrecht.<\/span><\/p>\n<p><span style=\"color: #000000;\">Ante la Comisi\u00f3n Lava Jato, que investiga los sobornos pagados por empresas brasile\u00f1as en Per\u00fa, detall\u00f3 que el respectivo contrato, suscrito el 9 de mayo de 2014, no fue firmado por \u00e9l, pues en ese momento a\u00fan era alcalde de Trujillo, y no gobernador regional de La Libertad.<\/span><\/p>\n<p><span style=\"color: #000000;\">\u201cQue quede claro que C\u00e9sar Acu\u00f1a no tiene que ver nada en el contrato de concesi\u00f3n, C\u00e9sar Acu\u00f1a no ha firmado el contrato de concesi\u00f3n porque el a\u00f1o 2014 C\u00e9sar Acu\u00f1a era alcalde de Trujillo (\u2026). Yo no conozco a ning\u00fan miento o socio de Odebrecht\u201d, asever\u00f3.<\/span><\/p>\n<p><span style=\"color: #000000;\">Como se recuerda, la concesi\u00f3n de la tercera etapa del proyecto de irrigaci\u00f3n Chavimochic fue entregada a un consorcio en el cual ten\u00edan participaci\u00f3n la empresa brasile\u00f1a Odebrecht y la peruana Gra\u00f1a y Montero.<\/span><\/p>\n<p><span style=\"color: #000000;\">Durante su participaci\u00f3n en la sesi\u00f3n presidida por la congresista Rosa Bartra (Fuerza Popular), el l\u00edder de APP aprovech\u00f3 para indicar que tampoco conoce a ning\u00fan directivo de Gra\u00f1a y Montero.<\/span><\/p>\n<p><span style=\"color: #000000;\">Acu\u00f1a precis\u00f3, adem\u00e1s que una OPD administra las dos primeras etapas del proyecto Chavimochic y que no conoce a las personas que firmaron dicho contrato.<\/span><\/p>\n<p><span style=\"color: #000000;\">\u201cC\u00e9sar Acu\u00f1a no ha intervenido en lo absoluto. Yo he venido a aclarar porque es bueno que esto se aclare. La dignidad de las personas se construye en el tiempo y a mis 65 a\u00f1os debo venir a aclarar\u201d, a\u00f1adi\u00f3, con su habitual estilo de referirse a \u00e9l mismo en tercera persona.<\/span><\/p>\n<p><span style=\"color: #000000;\">No obstante, defendi\u00f3 la adenda que luego, como gobernador regional de la Libertad, firm\u00f3 en dicho contrato, pues record\u00f3 que a su regi\u00f3n se le daba un plazo determinado para entregar las tierras que ser\u00edan parte del proyecto, pero este tuvo que ser ampliado porque el terreno no se pudo ceder.<\/span><\/p>\n<p><span style=\"color: #000000;\">\u201cEstos proyectos de inversi\u00f3n puede modificarse por adendas cuando hay problemas de operaci\u00f3n, y el gran problema era simple: el gobierno regional no entreg\u00f3 las tierras. Con esa adenda ampliamos el plazo e hicimos que el proyecto siga en pie\u201d, destac\u00f3.<\/span><\/p>\n<p><span style=\"color: #000000;\">Dicha adenda, adem\u00e1s, no demand\u00f3 costos adicionales al Estado, tal como estaba estipulado en el propio contrato de concesi\u00f3n, a\u00f1adi\u00f3 Acu\u00f1a Peralta.<\/span><\/p>\n<p><span style=\"color: #000000;\">En la misma sesi\u00f3n de la Comisi\u00f3n Lava Jato tambi\u00e9n intervino el actual gobernador liberte\u00f1o, Luis Valdez, quien adem\u00e1s preside la Asamblea Nacional de Gobernadores Regionales (ANGR).<\/span><\/p>\n","protected":false},"excerpt":{"rendered":"<p>El ex candidato presidencial de Alianza para el Progreso (APP), C\u00e9sar Acu\u00f1a, asegur\u00f3 que no tuvo nada que ver con el contrato de concesi\u00f3n del proyecto Chavimochic. Lima, 16 de Mayo 2018, (ANDINA).- El ex candidato presidencial de Alianza para el Progreso (APP), C\u00e9sar Acu\u00f1a, asegur\u00f3\u00a0 que no tuvo nada que ver con el contrato [&hellip;]<\/p>\n","protected":false},"author":1,"featured_media":26860,"comment_status":"open","ping_status":"open","sticky":false,"template":"","format":"standard","meta":{"rop_custom_images_group":[],"rop_custom_messages_group":[],"rop_publish_now":"initial","rop_publish_now_accounts":[],"rop_publish_now_history":[],"rop_publish_now_status":"pending","footnotes":""},"categories":[5],"tags":[632,192,619],"class_list":["post-26858","post","type-post","status-publish","format-standard","has-post-thumbnail","hentry","category-actualidad-informativa","tag-cesar-acuna","tag-congreso","tag-odebrecht"],"_links":{"self":[{"href":"https:\/\/elinformanteperu.com\/index.php\/wp-json\/wp\/v2\/posts\/26858","targetHints":{"allow":["GET"]}}],"collection":[{"href":"https:\/\/elinformanteperu.com\/index.php\/wp-json\/wp\/v2\/posts"}],"about":[{"href":"https:\/\/elinformanteperu.com\/index.php\/wp-json\/wp\/v2\/types\/post"}],"author":[{"embeddable":true,"href":"https:\/\/elinformanteperu.com\/index.php\/wp-json\/wp\/v2\/users\/1"}],"replies":[{"embeddable":true,"href":"https:\/\/elinformanteperu.com\/index.php\/wp-json\/wp\/v2\/comments?post=26858"}],"version-history":[{"count":1,"href":"https:\/\/elinformanteperu.com\/index.php\/wp-json\/wp\/v2\/posts\/26858\/revisions"}],"predecessor-version":[{"id":26861,"href":"https:\/\/elinformanteperu.com\/index.php\/wp-json\/wp\/v2\/posts\/26858\/revisions\/26861"}],"wp:featuredmedia":[{"embeddable":true,"href":"https:\/\/elinformanteperu.com\/index.php\/wp-json\/wp\/v2\/media\/26860"}],"wp:attachment":[{"href":"https:\/\/elinformanteperu.com\/index.php\/wp-json\/wp\/v2\/media?parent=26858"}],"wp:term":[{"taxonomy":"category","embeddable":true,"href":"https:\/\/elinformanteperu.com\/index.php\/wp-json\/wp\/v2\/categories?post=26858"},{"taxonomy":"post_tag","embeddable":true,"href":"https:\/\/elinformanteperu.com\/index.php\/wp-json\/wp\/v2\/tags?post=26858"}],"curies":[{"name":"wp","href":"https:\/\/api.w.org\/{rel}","templated":true}]}}