{"id":26855,"date":"2018-05-17T01:16:04","date_gmt":"2018-05-17T06:16:04","guid":{"rendered":"http:\/\/elinformanteperu.com\/?p=26855"},"modified":"2018-05-17T01:16:04","modified_gmt":"2018-05-17T06:16:04","slug":"foronda-no-debe-permanecer-un-dia-mas-en-el-congreso-dice-becerril","status":"publish","type":"post","link":"https:\/\/elinformanteperu.com\/index.php\/2018\/05\/17\/foronda-no-debe-permanecer-un-dia-mas-en-el-congreso-dice-becerril\/","title":{"rendered":"Foronda no debe permanecer un d\u00eda m\u00e1s en el Congreso, dice Becerril"},"content":{"rendered":"<p><strong><span style=\"color: #000000;\">El legislador de Fuerza Popular H\u00e9ctor Becerril consider\u00f3 que la congresista del Frente Amplio Mar\u00eda Elena Foronda no debe permanece un solo d\u00eda m\u00e1s en el Parlamento.<\/span><\/strong><\/p>\n<p><span style=\"color: #000000;\"><strong>Lima, 16 de Mayo 2018, (ANDINA).-<\/strong> El legislador de Fuerza Popular H\u00e9ctor Becerril consider\u00f3 que la congresista del Frente Amplio Mar\u00eda Elena Foronda no debe permanece un solo d\u00eda m\u00e1s en el Parlamento y tiene que ser desaforada, por contratar a una sentenciada por terrorismo como personal de su oficina.<\/span><\/p>\n<p><span style=\"color: #000000;\">\u201cForonda no deber\u00eda estar un solo d\u00eda m\u00e1s en el Congreso\u201d, manifest\u00f3 en declaraciones a la prensa.<\/span><\/p>\n<p><span style=\"color: #000000;\">El parlamentario fujimorista dijo que Foronda ya hab\u00eda mostrado una opini\u00f3n permisiva con el terrorismo.<\/span><\/p>\n<p><span style=\"color: #000000;\">Asegur\u00f3, por ejemplo, que anteriormente la citada legisladora suscribi\u00f3 un comunicado en el cual se afirmaba que el cabecilla del Movimiento Revolucionario T\u00fapac Amaru (MRTA), V\u00edctor Polay, fue sentenciado a cadena perpetua de forma injusta.<\/span><\/p>\n<p><span style=\"color: #000000;\">Record\u00f3, adem\u00e1s, que otros miembros de la bancada del Frente Amplio han manifestado una posici\u00f3n similar y record\u00f3 el caso del congresista Rogelio Tucto, quien pidi\u00f3 indultar al cabecilla de Sendero Luminoso, Abimael Guzm\u00e1n.<\/span><\/p>\n<p><span style=\"color: #000000;\">Por ello, a juicio de Becerril, tanto Foronda como el l\u00edder del Frente Amplio, Marco Arana; al igual que todos los miembros de esa bancada deber\u00edan devolver el dinero que la sentenciada por terrorismo contratada por Foronda gan\u00f3 en el Legislativo.<\/span><\/p>\n<p><span style=\"color: #000000;\">\u201cEse dinero que ha ganado debe ser devuelto por Foronda, por Arana y toda la bancada del Frente Amplio que ayer ha salido a avalar esa contrataci\u00f3n\u201d, coment\u00f3.<\/span><\/p>\n<p><span style=\"color: #000000;\">Foronda fue blanco de fuertes cr\u00edticas por la contrataci\u00f3n en su despacho de Nancy Madrid Bonilla, condenada por pertenecer al MRTA y quien purg\u00f3 16 a\u00f1os de c\u00e1rcel por esa raz\u00f3n.<\/span><\/p>\n<p><span style=\"color: #000000;\">La congresista admiti\u00f3 que se trat\u00f3 de un \u201cerror pol\u00edtico\u201d cometido por humanidad, al querer ayudarla a reincorporarse a la sociedad.<\/span><\/p>\n<p><span style=\"color: #000000;\">Ante las fuertes cr\u00edticas, el v\u00ednculo laboral fue dejado sin efecto.<\/span><\/p>\n","protected":false},"excerpt":{"rendered":"<p>El legislador de Fuerza Popular H\u00e9ctor Becerril consider\u00f3 que la congresista del Frente Amplio Mar\u00eda Elena Foronda no debe permanece un solo d\u00eda m\u00e1s en el Parlamento. Lima, 16 de Mayo 2018, (ANDINA).- El legislador de Fuerza Popular H\u00e9ctor Becerril consider\u00f3 que la congresista del Frente Amplio Mar\u00eda Elena Foronda no debe permanece un solo [&hellip;]<\/p>\n","protected":false},"author":1,"featured_media":15777,"comment_status":"open","ping_status":"open","sticky":false,"template":"","format":"standard","meta":{"rop_custom_images_group":[],"rop_custom_messages_group":[],"rop_publish_now":"initial","rop_publish_now_accounts":[],"rop_publish_now_history":[],"rop_publish_now_status":"pending","footnotes":""},"categories":[5],"tags":[192,327,3130],"class_list":["post-26855","post","type-post","status-publish","format-standard","has-post-thumbnail","hentry","category-actualidad-informativa","tag-congreso","tag-hector-becerril","tag-maria-elena-foronda"],"_links":{"self":[{"href":"https:\/\/elinformanteperu.com\/index.php\/wp-json\/wp\/v2\/posts\/26855","targetHints":{"allow":["GET"]}}],"collection":[{"href":"https:\/\/elinformanteperu.com\/index.php\/wp-json\/wp\/v2\/posts"}],"about":[{"href":"https:\/\/elinformanteperu.com\/index.php\/wp-json\/wp\/v2\/types\/post"}],"author":[{"embeddable":true,"href":"https:\/\/elinformanteperu.com\/index.php\/wp-json\/wp\/v2\/users\/1"}],"replies":[{"embeddable":true,"href":"https:\/\/elinformanteperu.com\/index.php\/wp-json\/wp\/v2\/comments?post=26855"}],"version-history":[{"count":1,"href":"https:\/\/elinformanteperu.com\/index.php\/wp-json\/wp\/v2\/posts\/26855\/revisions"}],"predecessor-version":[{"id":26857,"href":"https:\/\/elinformanteperu.com\/index.php\/wp-json\/wp\/v2\/posts\/26855\/revisions\/26857"}],"wp:featuredmedia":[{"embeddable":true,"href":"https:\/\/elinformanteperu.com\/index.php\/wp-json\/wp\/v2\/media\/15777"}],"wp:attachment":[{"href":"https:\/\/elinformanteperu.com\/index.php\/wp-json\/wp\/v2\/media?parent=26855"}],"wp:term":[{"taxonomy":"category","embeddable":true,"href":"https:\/\/elinformanteperu.com\/index.php\/wp-json\/wp\/v2\/categories?post=26855"},{"taxonomy":"post_tag","embeddable":true,"href":"https:\/\/elinformanteperu.com\/index.php\/wp-json\/wp\/v2\/tags?post=26855"}],"curies":[{"name":"wp","href":"https:\/\/api.w.org\/{rel}","templated":true}]}}