{"id":26846,"date":"2018-05-17T01:07:45","date_gmt":"2018-05-17T06:07:45","guid":{"rendered":"http:\/\/elinformanteperu.com\/?p=26846"},"modified":"2018-05-17T01:07:45","modified_gmt":"2018-05-17T06:07:45","slug":"alberto-fujimori-dice-que-no-apelara-impedimento-de-salida-del-pais-en-caso-pativilca","status":"publish","type":"post","link":"https:\/\/elinformanteperu.com\/index.php\/2018\/05\/17\/alberto-fujimori-dice-que-no-apelara-impedimento-de-salida-del-pais-en-caso-pativilca\/","title":{"rendered":"Alberto Fujimori dice que no apelar\u00e1 impedimento de salida del pa\u00eds en caso Pativilca"},"content":{"rendered":"<p><strong><span style=\"color: #000000;\">El expresidente Alberto Fujimori Fujimori sostuvo que no apelar\u00e1 la decisi\u00f3n del Colegiado B de la Sala Penal Nacional que orden\u00f3 su impedimento de salida del pa\u00eds.<\/span><\/strong><\/p>\n<p><span style=\"color: #000000;\"><strong>Lima, 16 de Mayo 2018, (ANDINA).-<\/strong> El expresidente Alberto Fujimori Fujimori sostuvo que no apelar\u00e1 la decisi\u00f3n del Colegiado B de la Sala Penal Nacional que orden\u00f3 su impedimento de salida del pa\u00eds en el proceso que se le sigue por el caso Pativilca.<\/span><\/p>\n<p><span style=\"color: #000000;\">A trav\u00e9s de sus redes sociales, Fujimori Fujimori, indic\u00f3 que lo \u00fanico que quiere ahora es compartir tiempo con su familia y escribir sus memorias.<\/span><\/p>\n<p><span style=\"color: #000000;\">Indic\u00f3 que sali\u00f3 de Jap\u00f3n &#8211; donde residi\u00f3 por varios a\u00f1os tras renunciar por fax a la presidencia de la Rep\u00fablica- con destino a Chile con la clara meta de volver al Per\u00fa.<\/span><\/p>\n<p><span style=\"color: #000000;\">\u201cSer\u00eda ahora un contrasentido despu\u00e9s de haber pasado momentos muy duros y dif\u00edciles irme del Per\u00fa\u201d, escribi\u00f3.<\/span><\/p>\n<p><span style=\"color: #000000;\">Alberto Fujimori recuper\u00f3 su libertad el 24 de diciembre de 2017, tras haber recibido un indulto humanitario del entonces presidente Pedro Pablo Kuczynski. Cumpl\u00eda una condena de 25 a\u00f1os de c\u00e1rcel por el asesinato de los estudiantes de La Cantuta y el caso Barrios Altos.<\/span><\/p>\n<p><span style=\"color: #000000;\">El expresidente es procesado como presunto autor mediato por el asesinato de seis campesinos en Pativilca, Barranca. Se le atribuyen los delitos de homicidio calificado y asociaci\u00f3n il\u00edcita para delinquir.<\/span><\/p>\n<p><span style=\"color: #000000;\">A pedido de la defensa de las v\u00edctimas, el Colegiado B dispuso el impedimento de salida del pa\u00eds para Alberto Fujimori por un periodo de cuatro meses y su comparecencia con restricciones por 18 meses.<\/span><\/p>\n<p><span style=\"color: #000000;\">En ese sentido, no podr\u00e1 ausentarse del lugar fijado como residencia, salvo con autorizaci\u00f3n judicial; no podr\u00e1 variar de domicilio y deber\u00e1 concurrir a todas las citaciones.<\/span><\/p>\n","protected":false},"excerpt":{"rendered":"<p>El expresidente Alberto Fujimori Fujimori sostuvo que no apelar\u00e1 la decisi\u00f3n del Colegiado B de la Sala Penal Nacional que orden\u00f3 su impedimento de salida del pa\u00eds. Lima, 16 de Mayo 2018, (ANDINA).- El expresidente Alberto Fujimori Fujimori sostuvo que no apelar\u00e1 la decisi\u00f3n del Colegiado B de la Sala Penal Nacional que orden\u00f3 su [&hellip;]<\/p>\n","protected":false},"author":1,"featured_media":12714,"comment_status":"open","ping_status":"open","sticky":false,"template":"","format":"standard","meta":{"rop_custom_images_group":[],"rop_custom_messages_group":[],"rop_publish_now":"initial","rop_publish_now_accounts":[],"rop_publish_now_history":[],"rop_publish_now_status":"pending","footnotes":""},"categories":[5],"tags":[343,3144,163],"class_list":["post-26846","post","type-post","status-publish","format-standard","has-post-thumbnail","hentry","category-actualidad-informativa","tag-alberto-fujimori","tag-pativilca","tag-poder-judicial"],"_links":{"self":[{"href":"https:\/\/elinformanteperu.com\/index.php\/wp-json\/wp\/v2\/posts\/26846","targetHints":{"allow":["GET"]}}],"collection":[{"href":"https:\/\/elinformanteperu.com\/index.php\/wp-json\/wp\/v2\/posts"}],"about":[{"href":"https:\/\/elinformanteperu.com\/index.php\/wp-json\/wp\/v2\/types\/post"}],"author":[{"embeddable":true,"href":"https:\/\/elinformanteperu.com\/index.php\/wp-json\/wp\/v2\/users\/1"}],"replies":[{"embeddable":true,"href":"https:\/\/elinformanteperu.com\/index.php\/wp-json\/wp\/v2\/comments?post=26846"}],"version-history":[{"count":1,"href":"https:\/\/elinformanteperu.com\/index.php\/wp-json\/wp\/v2\/posts\/26846\/revisions"}],"predecessor-version":[{"id":26848,"href":"https:\/\/elinformanteperu.com\/index.php\/wp-json\/wp\/v2\/posts\/26846\/revisions\/26848"}],"wp:featuredmedia":[{"embeddable":true,"href":"https:\/\/elinformanteperu.com\/index.php\/wp-json\/wp\/v2\/media\/12714"}],"wp:attachment":[{"href":"https:\/\/elinformanteperu.com\/index.php\/wp-json\/wp\/v2\/media?parent=26846"}],"wp:term":[{"taxonomy":"category","embeddable":true,"href":"https:\/\/elinformanteperu.com\/index.php\/wp-json\/wp\/v2\/categories?post=26846"},{"taxonomy":"post_tag","embeddable":true,"href":"https:\/\/elinformanteperu.com\/index.php\/wp-json\/wp\/v2\/tags?post=26846"}],"curies":[{"name":"wp","href":"https:\/\/api.w.org\/{rel}","templated":true}]}}