{"id":26842,"date":"2018-05-17T01:06:21","date_gmt":"2018-05-17T06:06:21","guid":{"rendered":"http:\/\/elinformanteperu.com\/?p=26842"},"modified":"2018-05-17T01:06:21","modified_gmt":"2018-05-17T06:06:21","slug":"al-voto-recurso-presentado-por-ollanta-humala-y-nadine-heredia","status":"publish","type":"post","link":"https:\/\/elinformanteperu.com\/index.php\/2018\/05\/17\/al-voto-recurso-presentado-por-ollanta-humala-y-nadine-heredia\/","title":{"rendered":"Al voto recurso presentado por Ollanta Humala y Nadine Heredia"},"content":{"rendered":"<p><strong><span style=\"color: #000000;\">La Primera Sala Penal de Apelaciones anunci\u00f3 que en un plazo razonable emitir\u00e1 su fallo respecto a la solicitud de recusaci\u00f3n presentada contra los jueces de la Segunda Sala Penal.<\/span><\/strong><\/p>\n<p><span style=\"color: #000000;\"><strong>Lima, 16 de Mayo 2018, (ANDINA).-<\/strong> La Primera Sala Penal de Apelaciones, a cargo de la magistrada Edita Condori, anunci\u00f3 que en un plazo razonable emitir\u00e1 su fallo respecto a la solicitud de recusaci\u00f3n presentada contra los jueces de la Segunda Sala Penal de Apelaciones.<\/span><\/p>\n<p><span style=\"color: #000000;\">Como se recuerda, la defensa de Humala y Heredia plante\u00f3 la recusaci\u00f3n de los jueces C\u00e9sar Sahuanay Calsin, Jessica Le\u00f3n Yarango e Iv\u00e1n Quispe Aucca, quienes ratificaron el mandato de prisi\u00f3n preventiva contra Humala y Heredia.<\/span><\/p>\n<p><span style=\"color: #000000;\">La audiencia se desarroll\u00f3 en la Sala Penal Nacional, donde la defensa legal del expresidente, C\u00e9sar Nakazaki, sustent\u00f3 el recurso; mientras que el fiscal Rafael Vela explic\u00f3 su punto de vista.<\/span><\/p>\n<p><span style=\"color: #000000;\">Al respecto, el abogado Nakazaki explic\u00f3 que el pedido para recusar a los referidos jueces no intenta afectar la investigaci\u00f3n en contra de sus defendidos, sino \u201csolamente intentan contar con jueces imparciales\u201d.<\/span><\/p>\n<p><span style=\"color: #000000;\">\u201cEse es el \u00fanico sentido de la recusaci\u00f3n, no buscamos castigar a los jueces o traerse abajo el sistema judicial\u201d, refiri\u00f3.<\/span><\/p>\n<p><span style=\"color: #000000;\">Por su parte, el fiscal Rafael Vela coment\u00f3 que esta solicitud de los abogados del expresidente se ampara en la sentencia del Tribunal Constitucional (TC), la cual en ning\u00fan momento cuestiona la imparcialidad de los jueces.<\/span><\/p>\n<p><span style=\"color: #000000;\">\u201cSe est\u00e1 haciendo una interpretaci\u00f3n sobre la decisi\u00f3n del TC. Nosotros en el Ministerio P\u00fablico siempre hemos dicho que este tipo de recursos buscaba sacar a jueces como Richard Concepci\u00f3n Carhuancho, del proceso seguido en contra de Humala y su esposa\u201d, a\u00f1adi\u00f3.<\/span><\/p>\n","protected":false},"excerpt":{"rendered":"<p>La Primera Sala Penal de Apelaciones anunci\u00f3 que en un plazo razonable emitir\u00e1 su fallo respecto a la solicitud de recusaci\u00f3n presentada contra los jueces de la Segunda Sala Penal. Lima, 16 de Mayo 2018, (ANDINA).- La Primera Sala Penal de Apelaciones, a cargo de la magistrada Edita Condori, anunci\u00f3 que en un plazo razonable [&hellip;]<\/p>\n","protected":false},"author":1,"featured_media":26844,"comment_status":"open","ping_status":"open","sticky":false,"template":"","format":"standard","meta":{"rop_custom_images_group":[],"rop_custom_messages_group":[],"rop_publish_now":"initial","rop_publish_now_accounts":[],"rop_publish_now_history":[],"rop_publish_now_status":"pending","footnotes":""},"categories":[5],"tags":[2216,1402],"class_list":["post-26842","post","type-post","status-publish","format-standard","has-post-thumbnail","hentry","category-actualidad-informativa","tag-cesar-nakazaki","tag-tc"],"_links":{"self":[{"href":"https:\/\/elinformanteperu.com\/index.php\/wp-json\/wp\/v2\/posts\/26842","targetHints":{"allow":["GET"]}}],"collection":[{"href":"https:\/\/elinformanteperu.com\/index.php\/wp-json\/wp\/v2\/posts"}],"about":[{"href":"https:\/\/elinformanteperu.com\/index.php\/wp-json\/wp\/v2\/types\/post"}],"author":[{"embeddable":true,"href":"https:\/\/elinformanteperu.com\/index.php\/wp-json\/wp\/v2\/users\/1"}],"replies":[{"embeddable":true,"href":"https:\/\/elinformanteperu.com\/index.php\/wp-json\/wp\/v2\/comments?post=26842"}],"version-history":[{"count":1,"href":"https:\/\/elinformanteperu.com\/index.php\/wp-json\/wp\/v2\/posts\/26842\/revisions"}],"predecessor-version":[{"id":26845,"href":"https:\/\/elinformanteperu.com\/index.php\/wp-json\/wp\/v2\/posts\/26842\/revisions\/26845"}],"wp:featuredmedia":[{"embeddable":true,"href":"https:\/\/elinformanteperu.com\/index.php\/wp-json\/wp\/v2\/media\/26844"}],"wp:attachment":[{"href":"https:\/\/elinformanteperu.com\/index.php\/wp-json\/wp\/v2\/media?parent=26842"}],"wp:term":[{"taxonomy":"category","embeddable":true,"href":"https:\/\/elinformanteperu.com\/index.php\/wp-json\/wp\/v2\/categories?post=26842"},{"taxonomy":"post_tag","embeddable":true,"href":"https:\/\/elinformanteperu.com\/index.php\/wp-json\/wp\/v2\/tags?post=26842"}],"curies":[{"name":"wp","href":"https:\/\/api.w.org\/{rel}","templated":true}]}}