{"id":26810,"date":"2018-05-17T00:35:31","date_gmt":"2018-05-17T05:35:31","guid":{"rendered":"http:\/\/elinformanteperu.com\/?p=26810"},"modified":"2018-05-17T00:35:31","modified_gmt":"2018-05-17T05:35:31","slug":"aspec-semaforo-nutricional-aprobado-en-comision-del-congreso-es-incomprensible","status":"publish","type":"post","link":"https:\/\/elinformanteperu.com\/index.php\/2018\/05\/17\/aspec-semaforo-nutricional-aprobado-en-comision-del-congreso-es-incomprensible\/","title":{"rendered":"Aspec: sem\u00e1foro nutricional aprobado en comisi\u00f3n del Congreso es incomprensible"},"content":{"rendered":"<p><strong><span style=\"color: #000000;\">El presidente de Aspec afirm\u00f3 que el sem\u00e1foro nutricional aprobado en la Comisi\u00f3n de Defensa del Consumidor del Congreso es incomprensible para el consumidor.<\/span><\/strong><\/p>\n<p><span style=\"color: #000000;\"><strong>Lima, 16 de Mayo 2018, (ANDINA).-<\/strong> El presidente de Aspec, Cris\u00f3logo C\u00e1ceres, afirm\u00f3 que el sem\u00e1foro nutricional aprobado por insistencia en la Comisi\u00f3n de Defensa del Consumidor del Congreso es incomprensible para el consumidor frente a los oct\u00f3gonos que propone el gobierno en el marco de la Ley de Alimentaci\u00f3n Saludable.<\/span><\/p>\n<p><span style=\"color: #000000;\">C\u00e1ceres pidi\u00f3 al Parlamento debatir este \u00abcuestionable\u00bb dictamen de manera p\u00fablica en el pleno, de modo que cada congresista sustente su posici\u00f3n a favor y explique sus verdaderas motivaciones y as\u00ed la ciudadan\u00eda saque sus propias conclusiones.<\/span><\/p>\n<p><span style=\"color: #000000;\">\u00abQuieren hacer pasar por el etiquetado un sem\u00e1foro nutricional que no existe en ning\u00fan lugar del planeta. Es un invento de los congresistas que no tiene ni pies ni cabeza y mucho menos base cient\u00edfica. Es un etiquetado &#8216;Frankenstein'\u00bb, refiri\u00f3.<\/span><\/p>\n<p><span style=\"color: #000000;\">Indic\u00f3 que \u00abel cuestionado sem\u00e1foro nutricional\u00bb mezcla los oct\u00f3gonos con el sem\u00e1foro nutricional y las Gu\u00edas Diarias de Alimentaci\u00f3n (GDA) promovidas por la industria. \u00abEs tan incomprensible que, por temor a quedar en evidencia, ni el presidente de la comisi\u00f3n ni ning\u00fan congresista han querido salir a debatir esta invenci\u00f3n en los medios de comunicaci\u00f3n\u201d.<\/span><\/p>\n<p><span style=\"color: #000000;\">El dictamen aprobado ayer pasar\u00e1 al pleno para que sea debatido y votado. Si obtiene votos en mayor\u00eda, el pleno por insistencia cambiar\u00eda la Ley de Alimentaci\u00f3n Saludable, incluyendo el sem\u00e1foro.<\/span><\/p>\n<p><span style=\"color: #000000;\">Por ello C\u00e1ceres pidi\u00f3 al Poder Ejecutivo que se mantenga firme en su posici\u00f3n y publique de una vez el Manual de Advertencias Publicitarias, que -anot\u00f3- es la \u00fanica pieza que falta para que los alimentos con cantidades excesivas de az\u00facar, grasas y sal incorporen los oct\u00f3gonos en el etiquetado.<\/span><\/p>\n<p><span style=\"color: #000000;\">\u201cA diferencia de la comisi\u00f3n parlamentaria, el presidente de la Rep\u00fablica y su primer ministro no est\u00e1n solos en esta lucha. Cuentan con el apoyo de todos los expertos en salud p\u00fablica del pa\u00eds (Minsa, colegios profesionales, asociaciones de consumidores, universidades, etc.) y del extranjero (OPS y OMS)\u00bb, a\u00f1adi\u00f3.<\/span><\/p>\n<p><span style=\"color: #000000;\">Dijo adem\u00e1s que es lamentable que el Congreso siga dictando leyes cuyo \u00fanico beneficiario es la industria alimentaria en lugar de la salud de m\u00e1s de 30 millones de consumidores que se perjudican por la falta de informaci\u00f3n sobre alimentos saludables.<\/span><\/p>\n<p><span style=\"color: #000000;\">El titular de Aspec record\u00f3 al p\u00fablico que ya se encuentra disponible el aplicativo para tel\u00e9fonos m\u00f3viles \u201cNutriapp\u201d, en versiones Android e IOS el cual puede ser descargado de manera gratuita. \u201cEste aplicativo permite a los consumidores saber mediante oct\u00f3gonos el contenido real de az\u00facar, grasas y sal de los alimentos envasados para que tome una decisi\u00f3n informada\u201d, finaliz\u00f3.<\/span><\/p>\n","protected":false},"excerpt":{"rendered":"<p>El presidente de Aspec afirm\u00f3 que el sem\u00e1foro nutricional aprobado en la Comisi\u00f3n de Defensa del Consumidor del Congreso es incomprensible para el consumidor. Lima, 16 de Mayo 2018, (ANDINA).- El presidente de Aspec, Cris\u00f3logo C\u00e1ceres, afirm\u00f3 que el sem\u00e1foro nutricional aprobado por insistencia en la Comisi\u00f3n de Defensa del Consumidor del Congreso es incomprensible [&hellip;]<\/p>\n","protected":false},"author":1,"featured_media":26812,"comment_status":"open","ping_status":"open","sticky":false,"template":"","format":"standard","meta":{"rop_custom_images_group":[],"rop_custom_messages_group":[],"rop_publish_now":"initial","rop_publish_now_accounts":[],"rop_publish_now_history":[],"rop_publish_now_status":"pending","footnotes":""},"categories":[10],"tags":[3140,192],"class_list":["post-26810","post","type-post","status-publish","format-standard","has-post-thumbnail","hentry","category-actualidad-municipal","tag-aspec","tag-congreso"],"_links":{"self":[{"href":"https:\/\/elinformanteperu.com\/index.php\/wp-json\/wp\/v2\/posts\/26810","targetHints":{"allow":["GET"]}}],"collection":[{"href":"https:\/\/elinformanteperu.com\/index.php\/wp-json\/wp\/v2\/posts"}],"about":[{"href":"https:\/\/elinformanteperu.com\/index.php\/wp-json\/wp\/v2\/types\/post"}],"author":[{"embeddable":true,"href":"https:\/\/elinformanteperu.com\/index.php\/wp-json\/wp\/v2\/users\/1"}],"replies":[{"embeddable":true,"href":"https:\/\/elinformanteperu.com\/index.php\/wp-json\/wp\/v2\/comments?post=26810"}],"version-history":[{"count":1,"href":"https:\/\/elinformanteperu.com\/index.php\/wp-json\/wp\/v2\/posts\/26810\/revisions"}],"predecessor-version":[{"id":26813,"href":"https:\/\/elinformanteperu.com\/index.php\/wp-json\/wp\/v2\/posts\/26810\/revisions\/26813"}],"wp:featuredmedia":[{"embeddable":true,"href":"https:\/\/elinformanteperu.com\/index.php\/wp-json\/wp\/v2\/media\/26812"}],"wp:attachment":[{"href":"https:\/\/elinformanteperu.com\/index.php\/wp-json\/wp\/v2\/media?parent=26810"}],"wp:term":[{"taxonomy":"category","embeddable":true,"href":"https:\/\/elinformanteperu.com\/index.php\/wp-json\/wp\/v2\/categories?post=26810"},{"taxonomy":"post_tag","embeddable":true,"href":"https:\/\/elinformanteperu.com\/index.php\/wp-json\/wp\/v2\/tags?post=26810"}],"curies":[{"name":"wp","href":"https:\/\/api.w.org\/{rel}","templated":true}]}}