{"id":26806,"date":"2018-05-17T00:32:01","date_gmt":"2018-05-17T05:32:01","guid":{"rendered":"http:\/\/elinformanteperu.com\/?p=26806"},"modified":"2018-05-17T00:32:01","modified_gmt":"2018-05-17T05:32:01","slug":"municipio-de-lima-construye-nueva-estacion-del-metropolitano-en-via-expresa","status":"publish","type":"post","link":"https:\/\/elinformanteperu.com\/index.php\/2018\/05\/17\/municipio-de-lima-construye-nueva-estacion-del-metropolitano-en-via-expresa\/","title":{"rendered":"Municipio de Lima construye nueva estaci\u00f3n del Metropolitano en v\u00eda Expresa"},"content":{"rendered":"<p><strong><span style=\"color: #000000;\">La Municipalidad de Lima emprendi\u00f3 la construcci\u00f3n de una nueva estaci\u00f3n de embarque y llegada dentro del corredor de la v\u00eda Expresa del Metropolitano, en San Isidro.<\/span><\/strong><\/p>\n<p><span style=\"color: #000000;\"><strong>Lima, 16 de Mayo 2018, (ANDINA).-<\/strong> La Municipalidad de Lima emprendi\u00f3 la construcci\u00f3n de una nueva estaci\u00f3n de embarque y llegada dentro del corredor de la v\u00eda Expresa del Metropolitano, en San Isidro, a fin de diversificar y equilibrar la fluidez de usuarios en las estaciones Canaval Moreyra y Javier Prado, as\u00ed como acelerar los tiempos de viaje de los usuarios.<\/span><\/p>\n<p><span style=\"color: #000000;\">Se trata de una estructura que funcionar\u00e1 en la intersecci\u00f3n del puente Andr\u00e9s Reyes con la v\u00eda Expresa, la misma que ha sido planeada teniendo en cuenta las caracter\u00edsticas del entorno urbano con el fin de no alterar el valor patrimonial de las edificaciones circundantes. <\/span><\/p>\n<p><span style=\"color: #000000;\">La comuna lime\u00f1a inform\u00f3 que la construcci\u00f3n de esta estaci\u00f3n, cuyas estructuras ya comenzaron a montarse en un taller, se realiza debido a que la estaci\u00f3n del Metropolitano m\u00e1s cercana, Canaval Moreyra, es una de las que recibe mayor afluencia de p\u00fablico, principalmente en las horas punta.<\/span><\/p>\n<p><span style=\"color: #000000;\">La nueva estaci\u00f3n Andr\u00e9s Reyes tendr\u00e1 dos zonas de ingreso y salida para usuarios, ubicadas en el lado norte y sur del puente. Estas contar\u00e1n con ascensores para personas con discapacidad.<\/span><\/p>\n<p><span style=\"color: #000000;\">Asimismo, se ampliar\u00e1 el puente en el lado Sur y Norte para generar un \u00e1rea de resguardo de la estaci\u00f3n. Esto implicar\u00e1 la rehabilitaci\u00f3n y tratamiento de veredas y pisos, adem\u00e1s de la colocaci\u00f3n de mobiliario urbano, as\u00ed como barandas y bolardos.<\/span><\/p>\n<p><span style=\"color: #000000;\">Asimismo, se construir\u00e1n tres andenes de pasajeros; dos en la zona norte (1 embarque hacia el norte, y 1 embarque hacia el sur); y uno en la zona sur (para el embarque de pasajeros hacia el norte).<\/span><\/p>\n<p><span style=\"color: #000000;\">Finalmente, se redise\u00f1ar\u00e1 la v\u00eda vehicular usada por los buses del Metropolitano, considerando la ampliaci\u00f3n del and\u00e9n.<\/span><\/p>\n<p><strong><span style=\"color: #000000;\">Datos<\/span><\/strong><\/p>\n<p><span style=\"color: #000000;\">La estaci\u00f3n Canaval Moreyra, actualmente recibe m\u00e1s de 25 mil usuarios cada d\u00eda y la estaci\u00f3n Javier Prado, unos 20 mil aproximadamente.<\/span><\/p>\n<p><span style=\"color: #000000;\">Esta obra, adem\u00e1s de mejorar la accesibilidad, en la hora punta ma\u00f1ana disminuir\u00e1 la cola de buses reduciendo el tiempo de embarque y desembarque de los usuarios.<\/span><\/p>\n<p><span style=\"color: #000000;\">Y por la noche, el p\u00fablico tendr\u00e1 una mejor distribuci\u00f3n para abordar los buses troncales del Metropolitano.<\/span><\/p>\n","protected":false},"excerpt":{"rendered":"<p>La Municipalidad de Lima emprendi\u00f3 la construcci\u00f3n de una nueva estaci\u00f3n de embarque y llegada dentro del corredor de la v\u00eda Expresa del Metropolitano, en San Isidro. Lima, 16 de Mayo 2018, (ANDINA).- La Municipalidad de Lima emprendi\u00f3 la construcci\u00f3n de una nueva estaci\u00f3n de embarque y llegada dentro del corredor de la v\u00eda Expresa [&hellip;]<\/p>\n","protected":false},"author":1,"featured_media":26808,"comment_status":"open","ping_status":"open","sticky":false,"template":"","format":"standard","meta":{"rop_custom_images_group":[],"rop_custom_messages_group":[],"rop_publish_now":"initial","rop_publish_now_accounts":[],"rop_publish_now_history":[],"rop_publish_now_status":"pending","footnotes":""},"categories":[10],"tags":[825,122],"class_list":["post-26806","post","type-post","status-publish","format-standard","has-post-thumbnail","hentry","category-actualidad-municipal","tag-metropolitano","tag-municipalidad-de-lima"],"_links":{"self":[{"href":"https:\/\/elinformanteperu.com\/index.php\/wp-json\/wp\/v2\/posts\/26806","targetHints":{"allow":["GET"]}}],"collection":[{"href":"https:\/\/elinformanteperu.com\/index.php\/wp-json\/wp\/v2\/posts"}],"about":[{"href":"https:\/\/elinformanteperu.com\/index.php\/wp-json\/wp\/v2\/types\/post"}],"author":[{"embeddable":true,"href":"https:\/\/elinformanteperu.com\/index.php\/wp-json\/wp\/v2\/users\/1"}],"replies":[{"embeddable":true,"href":"https:\/\/elinformanteperu.com\/index.php\/wp-json\/wp\/v2\/comments?post=26806"}],"version-history":[{"count":1,"href":"https:\/\/elinformanteperu.com\/index.php\/wp-json\/wp\/v2\/posts\/26806\/revisions"}],"predecessor-version":[{"id":26809,"href":"https:\/\/elinformanteperu.com\/index.php\/wp-json\/wp\/v2\/posts\/26806\/revisions\/26809"}],"wp:featuredmedia":[{"embeddable":true,"href":"https:\/\/elinformanteperu.com\/index.php\/wp-json\/wp\/v2\/media\/26808"}],"wp:attachment":[{"href":"https:\/\/elinformanteperu.com\/index.php\/wp-json\/wp\/v2\/media?parent=26806"}],"wp:term":[{"taxonomy":"category","embeddable":true,"href":"https:\/\/elinformanteperu.com\/index.php\/wp-json\/wp\/v2\/categories?post=26806"},{"taxonomy":"post_tag","embeddable":true,"href":"https:\/\/elinformanteperu.com\/index.php\/wp-json\/wp\/v2\/tags?post=26806"}],"curies":[{"name":"wp","href":"https:\/\/api.w.org\/{rel}","templated":true}]}}