{"id":26743,"date":"2018-05-16T00:49:04","date_gmt":"2018-05-16T05:49:04","guid":{"rendered":"http:\/\/elinformanteperu.com\/?p=26743"},"modified":"2018-05-16T00:49:04","modified_gmt":"2018-05-16T05:49:04","slug":"paolo-guerrero-vine-aqui-para-dar-la-cara-y-estoy-a-muerte-con-mi-seleccion","status":"publish","type":"post","link":"https:\/\/elinformanteperu.com\/index.php\/2018\/05\/16\/paolo-guerrero-vine-aqui-para-dar-la-cara-y-estoy-a-muerte-con-mi-seleccion\/","title":{"rendered":"Paolo Guerrero: \u00abVine aqu\u00ed para dar la cara y estoy a muerte con mi selecci\u00f3n\u00bb"},"content":{"rendered":"<p><strong><span style=\"color: #000000;\">El delantero Paolo Guerrero dijo hoy que lleg\u00f3 a Lima para dar la cara frente a las especulaciones tras el fallo del Tribunal de Arbitraje Deportivo (TAS).<\/span><\/strong><\/p>\n<p><span style=\"color: #000000;\"><strong>Lima, 15 de Mayo 2018, (ANDINA).-<\/strong> El delantero Paolo Guerrero dijo hoy que lleg\u00f3 a Lima para dar la cara frente a las especulaciones tras el fallo del Tribunal de Arbitraje Deportivo (TAS) que lo dej\u00f3 fuera del Mundial de Rusia 2018 y asegur\u00f3 que apoya a muerte a la selecci\u00f3n.<\/span><\/p>\n<p><span style=\"color: #000000;\">\u00abEstoy triste, pero vine a aqu\u00ed a mostrar la cara, ya que se especulaban muchas cosas de muchas personas. Estoy aqu\u00ed para dar la cara, paso por una injusticia, ya lo he dicho\u00bb, declar\u00f3 a la prensa tras su llegada al Aeropuerto Internacional Jorge Ch\u00e1vez.<\/span><\/p>\n<p><span style=\"color: #000000;\">\u00abQuiero dejar en claro, para quienes especulan muchas cosas, que estoy a muerte con mi selecci\u00f3n, voy a respaldar como siempre a mis compa\u00f1eros, en las buenas y en las malas\u00bb, enfatiz\u00f3.<\/span><\/p>\n<p><span style=\"color: #000000;\">Su apoyo, precis\u00f3 Guerrero, va dirigido no solo a sus compa\u00f1eros de la Blanquirroja, sino tambi\u00e9n al entrenador Ricardo Gareca y a todo el comando t\u00e9cnico.<\/span><\/p>\n<p><span style=\"color: #000000;\">De igual forma, agradeci\u00f3 el recibimiento de cientos de hinchas de la selecci\u00f3n, que lo esperaron desde tempranas horas en el aeropuerto para expresarle su apoyo tras el fallo del TAS.<\/span><\/p>\n<p><span style=\"color: #000000;\">El atacante reiter\u00f3 que le quitaron de las manos el sue\u00f1o de ir a una Copa del Mundo.<\/span><\/p>\n<p><strong><span style=\"color: #000000;\">\u201cEst\u00e1n pasando cosas raras\u201d<\/span><\/strong><\/p>\n<p><span style=\"color: #000000;\">Guerrero sostuvo, adem\u00e1s, que deja mucho que desear la actitud de la Federaci\u00f3n Peruana de F\u00fatbol (FPF), al seguir llevando al equipo a concentrar al Swissotel, donde \u00e9l asegura se contamin\u00f3 y no lo ayud\u00f3 a aclarar las cosas.<\/span><\/p>\n<p><span style=\"color: #000000;\">\u201cEl hotel fue un factor importante, de los que me perjudic\u00f3. Cuando vine a Per\u00fa a buscar las evidencias de c\u00f3mo hab\u00eda causado todo esto, a m\u00ed me dio la espalda, no me apoy\u00f3 en ning\u00fan momento\u201d, aclar\u00f3 el delantero.<\/span><\/p>\n<p><span style=\"color: #000000;\">Seg\u00fan narr\u00f3, \u00e9l sab\u00eda qui\u00e9n fue el mozo que le dio el t\u00e9 presuntamente contaminado, pero el hotel lo ocult\u00f3 y luego apoy\u00f3 a la Asociaci\u00f3n Mundial Antidopaje (WADA) mediante una carta.<\/span><\/p>\n<p><span style=\"color: #000000;\">\u201cVan a haber acciones contra eso tambi\u00e9n. Ellos me perjudicaron\u201d, puntualiz\u00f3.<\/span><\/p>\n<p><span style=\"color: #000000;\">\u201cEst\u00e1n pasando muchas cosas raras y por eso estoy ac\u00e1 en Lima, quiero aclarar eso, quiero ver lo que est\u00e1 pasando. Lo que demostr\u00e9 est\u00e1 claro\u201d, agreg\u00f3 Guerrero.<\/span><\/p>\n<p><iframe src=\"https:\/\/www.youtube-nocookie.com\/embed\/WkcCIjTkCDc?rel=0&amp;controls=0&amp;showinfo=0\" width=\"560\" height=\"315\" frameborder=\"0\" allowfullscreen=\"allowfullscreen\"><\/iframe><\/p>\n","protected":false},"excerpt":{"rendered":"<p>El delantero Paolo Guerrero dijo hoy que lleg\u00f3 a Lima para dar la cara frente a las especulaciones tras el fallo del Tribunal de Arbitraje Deportivo (TAS). Lima, 15 de Mayo 2018, (ANDINA).- El delantero Paolo Guerrero dijo hoy que lleg\u00f3 a Lima para dar la cara frente a las especulaciones tras el fallo del [&hellip;]<\/p>\n","protected":false},"author":1,"featured_media":26745,"comment_status":"open","ping_status":"open","sticky":false,"template":"","format":"standard","meta":{"rop_custom_images_group":[],"rop_custom_messages_group":[],"rop_publish_now":"initial","rop_publish_now_accounts":[],"rop_publish_now_history":[],"rop_publish_now_status":"pending","footnotes":""},"categories":[8],"tags":[203,1577],"class_list":["post-26743","post","type-post","status-publish","format-standard","has-post-thumbnail","hentry","category-disciplinas-deportivas","tag-paolo-guerrero","tag-tas"],"_links":{"self":[{"href":"https:\/\/elinformanteperu.com\/index.php\/wp-json\/wp\/v2\/posts\/26743","targetHints":{"allow":["GET"]}}],"collection":[{"href":"https:\/\/elinformanteperu.com\/index.php\/wp-json\/wp\/v2\/posts"}],"about":[{"href":"https:\/\/elinformanteperu.com\/index.php\/wp-json\/wp\/v2\/types\/post"}],"author":[{"embeddable":true,"href":"https:\/\/elinformanteperu.com\/index.php\/wp-json\/wp\/v2\/users\/1"}],"replies":[{"embeddable":true,"href":"https:\/\/elinformanteperu.com\/index.php\/wp-json\/wp\/v2\/comments?post=26743"}],"version-history":[{"count":1,"href":"https:\/\/elinformanteperu.com\/index.php\/wp-json\/wp\/v2\/posts\/26743\/revisions"}],"predecessor-version":[{"id":26746,"href":"https:\/\/elinformanteperu.com\/index.php\/wp-json\/wp\/v2\/posts\/26743\/revisions\/26746"}],"wp:featuredmedia":[{"embeddable":true,"href":"https:\/\/elinformanteperu.com\/index.php\/wp-json\/wp\/v2\/media\/26745"}],"wp:attachment":[{"href":"https:\/\/elinformanteperu.com\/index.php\/wp-json\/wp\/v2\/media?parent=26743"}],"wp:term":[{"taxonomy":"category","embeddable":true,"href":"https:\/\/elinformanteperu.com\/index.php\/wp-json\/wp\/v2\/categories?post=26743"},{"taxonomy":"post_tag","embeddable":true,"href":"https:\/\/elinformanteperu.com\/index.php\/wp-json\/wp\/v2\/tags?post=26743"}],"curies":[{"name":"wp","href":"https:\/\/api.w.org\/{rel}","templated":true}]}}