{"id":26720,"date":"2018-05-15T23:07:09","date_gmt":"2018-05-16T04:07:09","guid":{"rendered":"http:\/\/elinformanteperu.com\/?p=26720"},"modified":"2018-05-15T23:07:09","modified_gmt":"2018-05-16T04:07:09","slug":"paolo-guerrero-llego-a-lima-tras-fallo-del-tas-que-lo-dejo-sin-mundial","status":"publish","type":"post","link":"https:\/\/elinformanteperu.com\/index.php\/2018\/05\/15\/paolo-guerrero-llego-a-lima-tras-fallo-del-tas-que-lo-dejo-sin-mundial\/","title":{"rendered":"Paolo Guerrero lleg\u00f3 a Lima tras fallo del TAS que lo dej\u00f3 sin Mundial"},"content":{"rendered":"<p><strong><span style=\"color: #000000;\">El delantero peruano Paolo Guerrero lleg\u00f3 a Lima, tras el fallo del Tribunal de Arbitraje Deportivo (TAS) que lo dej\u00f3 sin la posibilidad de ir al Mundial Rusia 2018.<\/span><\/strong><\/p>\n<p><span style=\"color: #000000;\"><strong>Lima, 15 de Mayo 2018, (ANDINA).-<\/strong> El delantero peruano Paolo Guerrero lleg\u00f3 a Lima, tras el fallo del Tribunal de Arbitraje Deportivo (TAS) que lo dej\u00f3 sin la posibilidad de ir al Mundial Rusia 2018.<\/span><\/p>\n<p><span style=\"color: #000000;\">Guerrero pis\u00f3 suelo peruano procedente de R\u00edo de Jainero, Brasil, junto a su madre Petronila Gonzales, y su novia Tha\u00edsa Leal.<\/span><\/p>\n<p><span style=\"color: #000000;\">El vuelo comercial que trajo al capit\u00e1n de la selecci\u00f3n nacional arrib\u00f3 al aeropuerto internacional Jorge Ch\u00e1vez pasadas las 09:00 horas.<\/span><\/p>\n<p><span style=\"color: #000000;\">En la v\u00edspera, el TAS ampli\u00f3 la inhabilitaci\u00f3n de Guerrero para el f\u00fatbol profesional de seis a 14 meses, por lo que no jugar\u00e1 el Mundial Rusia 2018.<\/span><\/p>\n<p><span style=\"color: #000000;\">De acuerdo con el fallo, se acept\u00f3 que Guerrero no ingiri\u00f3 substancia alguna para mejorar su desempe\u00f1o deportivo; sin embargo, se consider\u00f3 que el jugador incurri\u00f3 en falla o negligencia, y que pudo haber tomado alguna medida para evitar la contaminaci\u00f3n.<\/span><\/p>\n<p><iframe src=\"https:\/\/www.youtube-nocookie.com\/embed\/Waq9oysOrco?rel=0&amp;controls=0&amp;showinfo=0\" width=\"560\" height=\"315\" frameborder=\"0\" allowfullscreen=\"allowfullscreen\"><\/iframe><\/p>\n","protected":false},"excerpt":{"rendered":"<p>El delantero peruano Paolo Guerrero lleg\u00f3 a Lima, tras el fallo del Tribunal de Arbitraje Deportivo (TAS) que lo dej\u00f3 sin la posibilidad de ir al Mundial Rusia 2018. Lima, 15 de Mayo 2018, (ANDINA).- El delantero peruano Paolo Guerrero lleg\u00f3 a Lima, tras el fallo del Tribunal de Arbitraje Deportivo (TAS) que lo dej\u00f3 [&hellip;]<\/p>\n","protected":false},"author":1,"featured_media":24872,"comment_status":"open","ping_status":"open","sticky":false,"template":"","format":"standard","meta":{"rop_custom_images_group":[],"rop_custom_messages_group":[],"rop_publish_now":"initial","rop_publish_now_accounts":[],"rop_publish_now_history":[],"rop_publish_now_status":"pending","footnotes":""},"categories":[8],"tags":[203,1577],"class_list":["post-26720","post","type-post","status-publish","format-standard","has-post-thumbnail","hentry","category-disciplinas-deportivas","tag-paolo-guerrero","tag-tas"],"_links":{"self":[{"href":"https:\/\/elinformanteperu.com\/index.php\/wp-json\/wp\/v2\/posts\/26720","targetHints":{"allow":["GET"]}}],"collection":[{"href":"https:\/\/elinformanteperu.com\/index.php\/wp-json\/wp\/v2\/posts"}],"about":[{"href":"https:\/\/elinformanteperu.com\/index.php\/wp-json\/wp\/v2\/types\/post"}],"author":[{"embeddable":true,"href":"https:\/\/elinformanteperu.com\/index.php\/wp-json\/wp\/v2\/users\/1"}],"replies":[{"embeddable":true,"href":"https:\/\/elinformanteperu.com\/index.php\/wp-json\/wp\/v2\/comments?post=26720"}],"version-history":[{"count":1,"href":"https:\/\/elinformanteperu.com\/index.php\/wp-json\/wp\/v2\/posts\/26720\/revisions"}],"predecessor-version":[{"id":26722,"href":"https:\/\/elinformanteperu.com\/index.php\/wp-json\/wp\/v2\/posts\/26720\/revisions\/26722"}],"wp:featuredmedia":[{"embeddable":true,"href":"https:\/\/elinformanteperu.com\/index.php\/wp-json\/wp\/v2\/media\/24872"}],"wp:attachment":[{"href":"https:\/\/elinformanteperu.com\/index.php\/wp-json\/wp\/v2\/media?parent=26720"}],"wp:term":[{"taxonomy":"category","embeddable":true,"href":"https:\/\/elinformanteperu.com\/index.php\/wp-json\/wp\/v2\/categories?post=26720"},{"taxonomy":"post_tag","embeddable":true,"href":"https:\/\/elinformanteperu.com\/index.php\/wp-json\/wp\/v2\/tags?post=26720"}],"curies":[{"name":"wp","href":"https:\/\/api.w.org\/{rel}","templated":true}]}}