{"id":26666,"date":"2018-05-14T20:49:17","date_gmt":"2018-05-15T01:49:17","guid":{"rendered":"http:\/\/elinformanteperu.com\/?p=26666"},"modified":"2018-05-14T20:49:17","modified_gmt":"2018-05-15T01:49:17","slug":"paolo-guerrero-sepa-la-hora-de-la-llegada-del-goleador-historico-al-peru","status":"publish","type":"post","link":"https:\/\/elinformanteperu.com\/index.php\/2018\/05\/14\/paolo-guerrero-sepa-la-hora-de-la-llegada-del-goleador-historico-al-peru\/","title":{"rendered":"Paolo Guerrero: sepa la hora de la llegada del goleador hist\u00f3rico al Per\u00fa"},"content":{"rendered":"<p><strong><span style=\"color: #000000;\">El delantero Paolo Guerrero llegar\u00e1 ma\u00f1ana, a las 09:15 horas, a Lima procedente de Brasil, donde recibi\u00f3 la noticia del fallo del TAS que le aumenta a 14 meses la sanci\u00f3n.<\/span><\/strong><\/p>\n<p><span style=\"color: #000000;\"><strong>R\u00edo de Janeiro, 14 de Mayo 2018, (ANDINA).-<\/strong> El delantero Paolo Guerrero llegar\u00e1 ma\u00f1ana, a las 09:15 horas, a Lima procedente de Brasil, donde recibi\u00f3 la noticia del fallo del TAS que le aumenta a 14 meses la sanci\u00f3n, medida que lo deja sin jugar el Mundial de Rusia 2018, que se inicia el 14 de junio.<\/span><\/p>\n<p><span style=\"color: #000000;\">Paolo Guerrero llegar\u00e1 junto a su madre Petronila Gonzales, quien brindar\u00e1 m\u00e1s detalles de su acusaci\u00f3n sobre la existencia de un complot contra el goleador hist\u00f3rico de la escuadra nacional.<\/span><\/p>\n<p><span style=\"color: #000000;\">Incluso, no se descarta convocar a una marcha por las calles para que la gente haga sentir su voz de protesta por el duro castigo que le impusieron a Paolo Guerrero y que lo marginar\u00e1 de jugar el Mundial de Rusia.<\/span><\/p>\n<p><span style=\"color: #000000;\">La madre del jugador se encuentra muy dolida por lo sucedido y responsabiliz\u00f3 a Claudio Pizarro por la suerte que corri\u00f3 el goleador nacional.<\/span><\/p>\n<p><span style=\"color: #000000;\">De hecho que se espera una masiva asistencia de la afici\u00f3n al Aeropuerto Internacional Jorge Ch\u00e1vez para brindarle su apoyo al jugador de 34 a\u00f1os.<\/span><\/p>\n<p><img fetchpriority=\"high\" decoding=\"async\" class=\"aligncenter size-full wp-image-26276\" src=\"http:\/\/elinformanteperu.com\/wp-content\/uploads\/2018\/05\/paolo-tas-1.jpg\" alt=\"\" width=\"1800\" height=\"1200\" srcset=\"https:\/\/elinformanteperu.com\/wp-content\/uploads\/2018\/05\/paolo-tas-1.jpg 1800w, https:\/\/elinformanteperu.com\/wp-content\/uploads\/2018\/05\/paolo-tas-1-300x200.jpg 300w, https:\/\/elinformanteperu.com\/wp-content\/uploads\/2018\/05\/paolo-tas-1-768x512.jpg 768w, https:\/\/elinformanteperu.com\/wp-content\/uploads\/2018\/05\/paolo-tas-1-1024x683.jpg 1024w, https:\/\/elinformanteperu.com\/wp-content\/uploads\/2018\/05\/paolo-tas-1-128x85.jpg 128w, https:\/\/elinformanteperu.com\/wp-content\/uploads\/2018\/05\/paolo-tas-1-32x21.jpg 32w\" sizes=\"(max-width: 1800px) 100vw, 1800px\" \/><\/p>\n","protected":false},"excerpt":{"rendered":"<p>El delantero Paolo Guerrero llegar\u00e1 ma\u00f1ana, a las 09:15 horas, a Lima procedente de Brasil, donde recibi\u00f3 la noticia del fallo del TAS que le aumenta a 14 meses la sanci\u00f3n. R\u00edo de Janeiro, 14 de Mayo 2018, (ANDINA).- El delantero Paolo Guerrero llegar\u00e1 ma\u00f1ana, a las 09:15 horas, a Lima procedente de Brasil, donde [&hellip;]<\/p>\n","protected":false},"author":1,"featured_media":26668,"comment_status":"open","ping_status":"open","sticky":false,"template":"","format":"standard","meta":{"rop_custom_images_group":[],"rop_custom_messages_group":[],"rop_publish_now":"initial","rop_publish_now_accounts":[],"rop_publish_now_history":[],"rop_publish_now_status":"pending","footnotes":""},"categories":[8],"tags":[203,1577],"class_list":["post-26666","post","type-post","status-publish","format-standard","has-post-thumbnail","hentry","category-disciplinas-deportivas","tag-paolo-guerrero","tag-tas"],"_links":{"self":[{"href":"https:\/\/elinformanteperu.com\/index.php\/wp-json\/wp\/v2\/posts\/26666","targetHints":{"allow":["GET"]}}],"collection":[{"href":"https:\/\/elinformanteperu.com\/index.php\/wp-json\/wp\/v2\/posts"}],"about":[{"href":"https:\/\/elinformanteperu.com\/index.php\/wp-json\/wp\/v2\/types\/post"}],"author":[{"embeddable":true,"href":"https:\/\/elinformanteperu.com\/index.php\/wp-json\/wp\/v2\/users\/1"}],"replies":[{"embeddable":true,"href":"https:\/\/elinformanteperu.com\/index.php\/wp-json\/wp\/v2\/comments?post=26666"}],"version-history":[{"count":1,"href":"https:\/\/elinformanteperu.com\/index.php\/wp-json\/wp\/v2\/posts\/26666\/revisions"}],"predecessor-version":[{"id":26669,"href":"https:\/\/elinformanteperu.com\/index.php\/wp-json\/wp\/v2\/posts\/26666\/revisions\/26669"}],"wp:featuredmedia":[{"embeddable":true,"href":"https:\/\/elinformanteperu.com\/index.php\/wp-json\/wp\/v2\/media\/26668"}],"wp:attachment":[{"href":"https:\/\/elinformanteperu.com\/index.php\/wp-json\/wp\/v2\/media?parent=26666"}],"wp:term":[{"taxonomy":"category","embeddable":true,"href":"https:\/\/elinformanteperu.com\/index.php\/wp-json\/wp\/v2\/categories?post=26666"},{"taxonomy":"post_tag","embeddable":true,"href":"https:\/\/elinformanteperu.com\/index.php\/wp-json\/wp\/v2\/tags?post=26666"}],"curies":[{"name":"wp","href":"https:\/\/api.w.org\/{rel}","templated":true}]}}