{"id":26605,"date":"2018-05-13T23:52:05","date_gmt":"2018-05-14T04:52:05","guid":{"rendered":"http:\/\/elinformanteperu.com\/?p=26605"},"modified":"2018-05-13T23:52:05","modified_gmt":"2018-05-14T04:52:05","slug":"paolo-guerrero-vea-el-gol-del-delantero-peruano-luego-de-7-meses","status":"publish","type":"post","link":"https:\/\/elinformanteperu.com\/index.php\/2018\/05\/13\/paolo-guerrero-vea-el-gol-del-delantero-peruano-luego-de-7-meses\/","title":{"rendered":"Paolo Guerrero: vea el gol del delantero peruano luego de 7 meses"},"content":{"rendered":"<p><strong><span style=\"color: #000000;\">El jugador peruano, Paolo Guerrero volvi\u00f3 a anotar luego de siete meses en el empate transitorio de Flamengo ante Chapecoense por el Brasileirao.<\/span><\/strong><\/p>\n<p><span style=\"color: #000000;\"><strong>R\u00edo de Janeiro, 13 de Mayo 2018, (ANDINA).-<\/strong> Paolo Guerrero volvi\u00f3 a anotar luego de siete meses en el empate transitorio de Flamengo ante Chapecoense por el Brasileirao.<\/span><\/p>\n<p><span style=\"color: #000000;\">El capit\u00e1n de la selecci\u00f3n peruana se hizo presente en el marcador cuando corr\u00edan 48 minutos gracias a un cabezazo tras asistencia de Miguel Trauco.<\/span><\/p>\n<p><span style=\"color: #000000;\">Vale precisar que Guerrero hab\u00eda vuelto a la actividad la semana pasada tras cumplir su suspensi\u00f3n.<\/span><\/p>\n<p><span style=\"color: #000000;\">Paolo Guerrero recuper\u00f3 su romance con las redes tras siete meses. Su \u00faltimo gol hab\u00eda sido ante Sport Recife, el 17 de setiembre pasado.<\/span><\/p>\n<p><iframe src=\"https:\/\/www.youtube-nocookie.com\/embed\/6TS6yiohEiE?rel=0&amp;controls=0&amp;showinfo=0\" width=\"560\" height=\"315\" frameborder=\"0\" allowfullscreen=\"allowfullscreen\"><\/iframe><\/p>\n","protected":false},"excerpt":{"rendered":"<p>El jugador peruano, Paolo Guerrero volvi\u00f3 a anotar luego de siete meses en el empate transitorio de Flamengo ante Chapecoense por el Brasileirao. R\u00edo de Janeiro, 13 de Mayo 2018, (ANDINA).- Paolo Guerrero volvi\u00f3 a anotar luego de siete meses en el empate transitorio de Flamengo ante Chapecoense por el Brasileirao. El capit\u00e1n de la [&hellip;]<\/p>\n","protected":false},"author":1,"featured_media":26607,"comment_status":"open","ping_status":"open","sticky":false,"template":"","format":"standard","meta":{"rop_custom_images_group":[],"rop_custom_messages_group":[],"rop_publish_now":"initial","rop_publish_now_accounts":[],"rop_publish_now_history":[],"rop_publish_now_status":"pending","footnotes":""},"categories":[8],"tags":[2332,227,519,203],"class_list":["post-26605","post","type-post","status-publish","format-standard","has-post-thumbnail","hentry","category-disciplinas-deportivas","tag-brasileirao","tag-flamengo","tag-miguel-trauco","tag-paolo-guerrero"],"_links":{"self":[{"href":"https:\/\/elinformanteperu.com\/index.php\/wp-json\/wp\/v2\/posts\/26605","targetHints":{"allow":["GET"]}}],"collection":[{"href":"https:\/\/elinformanteperu.com\/index.php\/wp-json\/wp\/v2\/posts"}],"about":[{"href":"https:\/\/elinformanteperu.com\/index.php\/wp-json\/wp\/v2\/types\/post"}],"author":[{"embeddable":true,"href":"https:\/\/elinformanteperu.com\/index.php\/wp-json\/wp\/v2\/users\/1"}],"replies":[{"embeddable":true,"href":"https:\/\/elinformanteperu.com\/index.php\/wp-json\/wp\/v2\/comments?post=26605"}],"version-history":[{"count":1,"href":"https:\/\/elinformanteperu.com\/index.php\/wp-json\/wp\/v2\/posts\/26605\/revisions"}],"predecessor-version":[{"id":26608,"href":"https:\/\/elinformanteperu.com\/index.php\/wp-json\/wp\/v2\/posts\/26605\/revisions\/26608"}],"wp:featuredmedia":[{"embeddable":true,"href":"https:\/\/elinformanteperu.com\/index.php\/wp-json\/wp\/v2\/media\/26607"}],"wp:attachment":[{"href":"https:\/\/elinformanteperu.com\/index.php\/wp-json\/wp\/v2\/media?parent=26605"}],"wp:term":[{"taxonomy":"category","embeddable":true,"href":"https:\/\/elinformanteperu.com\/index.php\/wp-json\/wp\/v2\/categories?post=26605"},{"taxonomy":"post_tag","embeddable":true,"href":"https:\/\/elinformanteperu.com\/index.php\/wp-json\/wp\/v2\/tags?post=26605"}],"curies":[{"name":"wp","href":"https:\/\/api.w.org\/{rel}","templated":true}]}}