{"id":26600,"date":"2018-05-13T01:32:56","date_gmt":"2018-05-13T06:32:56","guid":{"rendered":"http:\/\/elinformanteperu.com\/?p=26600"},"modified":"2018-05-13T01:32:56","modified_gmt":"2018-05-13T06:32:56","slug":"plazo-para-elegir-a-candidatos-que-iran-a-elecciones-2018-vence-el-25-de-mayo-2","status":"publish","type":"post","link":"https:\/\/elinformanteperu.com\/index.php\/2018\/05\/13\/plazo-para-elegir-a-candidatos-que-iran-a-elecciones-2018-vence-el-25-de-mayo-2\/","title":{"rendered":"Plazo para elegir a candidatos que ir\u00e1n a elecciones 2018 vence el 25 de mayo"},"content":{"rendered":"<p><strong><span style=\"color: #000000;\">El plazo para que las organizaciones pol\u00edticas elijan a sus candidatos que participaran en las elecciones municipales y regionales 2018 vence el pr\u00f3ximo viernes 25 de mayo.<\/span><\/strong><\/p>\n<p><span style=\"color: #000000;\"><strong>Lima, 12 de Mayo 2018, (ANDINA).-<\/strong> El plazo para que las organizaciones pol\u00edticas elijan a sus candidatos que participaran en las elecciones municipales y regionales 2018 vence el pr\u00f3ximo viernes 25 de mayo, de acuerdo al Cronograma Electoral aprobado por el Jurado Nacional de Elecciones (JNE).<\/span><\/p>\n<p><span style=\"color: #000000;\">La Ley de Organizaciones Pol\u00edticas establece que los partidos pol\u00edticos y alianza electorales deben realizar sus elecciones internas entre los 210 y 135 d\u00edas calendario antes las elecciones convocadas para el 7 de octubre.<\/span><\/p>\n<p><span style=\"color: #000000;\">Los comicios internos para designar a los candidatos a cargos de elecci\u00f3n popular deben ser convocados por un \u00f3rgano electoral central, con autonom\u00eda y con instancias descentralizadas, que tiene a su caro la convocatoria, la inscripci\u00f3n de los candidatos, el c\u00f3mputo de votos y la proclamaci\u00f3n de los resultados.<\/span><\/p>\n<p><span style=\"color: #000000;\">Los partidos pol\u00edticos o movimientos regionales tiene la potestad decidir la modalidad de elecci\u00f3n de sus candidatos a los cargos de gobernador, vicegobernador, consejeros regionales, alcalde y regidores, de acuerdo a la ley.<\/span><\/p>\n<p><strong><span style=\"color: #000000;\">Modalidades de elecci\u00f3n<\/span><\/strong><\/p>\n<p><span style=\"color: #000000;\">Las modalidades de elecci\u00f3n establecidas en la ley son: el voto universal de los afiliados y ciudadanos no afiliados; elecciones con voto universal solo de los afiliados y elecciones a trav\u00e9s de delegados elegidos por los \u00f3rganos partidarios conforme lo disponga el Estatuto.<\/span><\/p>\n<p><span style=\"color: #000000;\">Al menos las tres cuartas partes de los candidatos a consejeros regionales y regidores deber\u00e1n ser elegidos por cualquiera de estas tres modalidades.<\/span><\/p>\n<p><strong><span style=\"color: #000000;\">Cronograma electoral<\/span><\/strong><\/p>\n<p><span style=\"color: #000000;\">El JNE, asimismo, fij\u00f3 como plazo l\u00edmite para la presentaci\u00f3n de las listas de candidatos ante los Jurados Especiales Electorales respectivos hasta el 19 de junio.<\/span><\/p>\n<p><span style=\"color: #000000;\">El 29 de julio ser\u00e1 la fecha l\u00edmite para el sorteo de los miembros de mesa que tendr\u00e1n bajo su responsabilidad la conducci\u00f3n del proceso electoral y del escrutinio de votos.<\/span><\/p>\n<p><span style=\"color: #000000;\">El retiro de las listas de candidatos podr\u00e1 realizarse hasta el 8 de agosto y ese mismo d\u00eda tambi\u00e9n se publicar\u00e1n las listas admitidas para las elecciones municipales y regionales de 2018.<\/span><\/p>\n<p><span style=\"color: #000000;\">Los candidatos podr\u00e1n ser excluidos del proceso electoral hasta el 7 de setiembre, un mes antes de las elecciones previstas para el 7 de octubre.<\/span><\/p>\n","protected":false},"excerpt":{"rendered":"<p>El plazo para que las organizaciones pol\u00edticas elijan a sus candidatos que participaran en las elecciones municipales y regionales 2018 vence el pr\u00f3ximo viernes 25 de mayo. Lima, 12 de Mayo 2018, (ANDINA).- El plazo para que las organizaciones pol\u00edticas elijan a sus candidatos que participaran en las elecciones municipales y regionales 2018 vence el [&hellip;]<\/p>\n","protected":false},"author":1,"featured_media":26602,"comment_status":"open","ping_status":"open","sticky":false,"template":"","format":"standard","meta":{"rop_custom_images_group":[],"rop_custom_messages_group":[],"rop_publish_now":"initial","rop_publish_now_accounts":[],"rop_publish_now_history":[],"rop_publish_now_status":"pending","footnotes":""},"categories":[5],"tags":[1537,184,150],"class_list":["post-26600","post","type-post","status-publish","format-standard","has-post-thumbnail","hentry","category-actualidad-informativa","tag-elecciones-municipales-2018","tag-jne","tag-onpe"],"_links":{"self":[{"href":"https:\/\/elinformanteperu.com\/index.php\/wp-json\/wp\/v2\/posts\/26600","targetHints":{"allow":["GET"]}}],"collection":[{"href":"https:\/\/elinformanteperu.com\/index.php\/wp-json\/wp\/v2\/posts"}],"about":[{"href":"https:\/\/elinformanteperu.com\/index.php\/wp-json\/wp\/v2\/types\/post"}],"author":[{"embeddable":true,"href":"https:\/\/elinformanteperu.com\/index.php\/wp-json\/wp\/v2\/users\/1"}],"replies":[{"embeddable":true,"href":"https:\/\/elinformanteperu.com\/index.php\/wp-json\/wp\/v2\/comments?post=26600"}],"version-history":[{"count":1,"href":"https:\/\/elinformanteperu.com\/index.php\/wp-json\/wp\/v2\/posts\/26600\/revisions"}],"predecessor-version":[{"id":26603,"href":"https:\/\/elinformanteperu.com\/index.php\/wp-json\/wp\/v2\/posts\/26600\/revisions\/26603"}],"wp:featuredmedia":[{"embeddable":true,"href":"https:\/\/elinformanteperu.com\/index.php\/wp-json\/wp\/v2\/media\/26602"}],"wp:attachment":[{"href":"https:\/\/elinformanteperu.com\/index.php\/wp-json\/wp\/v2\/media?parent=26600"}],"wp:term":[{"taxonomy":"category","embeddable":true,"href":"https:\/\/elinformanteperu.com\/index.php\/wp-json\/wp\/v2\/categories?post=26600"},{"taxonomy":"post_tag","embeddable":true,"href":"https:\/\/elinformanteperu.com\/index.php\/wp-json\/wp\/v2\/tags?post=26600"}],"curies":[{"name":"wp","href":"https:\/\/api.w.org\/{rel}","templated":true}]}}