{"id":26589,"date":"2018-05-13T01:22:34","date_gmt":"2018-05-13T06:22:34","guid":{"rendered":"http:\/\/elinformanteperu.com\/?p=26589"},"modified":"2018-05-13T01:22:34","modified_gmt":"2018-05-13T06:22:34","slug":"cesar-acuna-asistira-este-martes-a-comision-lava-jato-por-chavimochic","status":"publish","type":"post","link":"https:\/\/elinformanteperu.com\/index.php\/2018\/05\/13\/cesar-acuna-asistira-este-martes-a-comision-lava-jato-por-chavimochic\/","title":{"rendered":"C\u00e9sar Acu\u00f1a asistir\u00e1 este martes a comisi\u00f3n Lava Jato por Chavimochic"},"content":{"rendered":"<p><strong><span style=\"color: #000000;\">C\u00e9sar Acu\u00f1a, en su cuenta de Twitter, confirm\u00f3 que asistir\u00e1 a la comisi\u00f3n Lava Jato presidido por la congresista Rosa Bartra (FP).<\/span><\/strong><\/p>\n<p><span style=\"color: #000000;\"><strong>Lima, 12 de Mayo 2018, (ANDINA).-<\/strong> C\u00e9sar Acu\u00f1a, en su cuenta de Twitter, confirm\u00f3 que asistir\u00e1 a la comisi\u00f3n Lava Jato presidido por la congresista Rosa Bartra (FP).<\/span><\/p>\n<p><span style=\"color: #000000;\">Junto al l\u00edder de APP, tambi\u00e9n han confirmado su asistencia el ex presidente regional de La Libertad, Jos\u00e9 Murgia Zannier y el actual gobernador de esa regi\u00f3n, Luis Valdez Far\u00edas.<\/span><\/p>\n<p><span style=\"color: #000000;\">Los testimonios de los convocados guardan relaci\u00f3n con las investigaciones sobre los proyectos Chavimochi y Central Hidroel\u00e9ctrica Chaglla, obras ejecutadas cuando eran autoridades en la regi\u00f3n La Libertad.<\/span><\/p>\n<p><span style=\"color: #000000;\">\u201cDemostrar\u00e9 que no conozco a ning\u00fan funcionario de la empresa Odebrecht ni del Grupo Gra\u00f1a y Montero\u201d, escribi\u00f3.<\/span><\/p>\n<p><span style=\"color: #000000;\">Indic\u00f3 que no firm\u00f3 el contrato de concesi\u00f3n de las obras que se investigan. Se firm\u00f3 cuando yo no era presidente regional\u201d, dijo.<\/span><\/p>\n","protected":false},"excerpt":{"rendered":"<p>C\u00e9sar Acu\u00f1a, en su cuenta de Twitter, confirm\u00f3 que asistir\u00e1 a la comisi\u00f3n Lava Jato presidido por la congresista Rosa Bartra (FP). Lima, 12 de Mayo 2018, (ANDINA).- C\u00e9sar Acu\u00f1a, en su cuenta de Twitter, confirm\u00f3 que asistir\u00e1 a la comisi\u00f3n Lava Jato presidido por la congresista Rosa Bartra (FP). Junto al l\u00edder de APP, [&hellip;]<\/p>\n","protected":false},"author":1,"featured_media":26591,"comment_status":"open","ping_status":"open","sticky":false,"template":"","format":"standard","meta":{"rop_custom_images_group":[],"rop_custom_messages_group":[],"rop_publish_now":"initial","rop_publish_now_accounts":[],"rop_publish_now_history":[],"rop_publish_now_status":"pending","footnotes":""},"categories":[5],"tags":[632,192,656,525],"class_list":["post-26589","post","type-post","status-publish","format-standard","has-post-thumbnail","hentry","category-actualidad-informativa","tag-cesar-acuna","tag-congreso","tag-lava-jato","tag-rosa-bartra"],"_links":{"self":[{"href":"https:\/\/elinformanteperu.com\/index.php\/wp-json\/wp\/v2\/posts\/26589","targetHints":{"allow":["GET"]}}],"collection":[{"href":"https:\/\/elinformanteperu.com\/index.php\/wp-json\/wp\/v2\/posts"}],"about":[{"href":"https:\/\/elinformanteperu.com\/index.php\/wp-json\/wp\/v2\/types\/post"}],"author":[{"embeddable":true,"href":"https:\/\/elinformanteperu.com\/index.php\/wp-json\/wp\/v2\/users\/1"}],"replies":[{"embeddable":true,"href":"https:\/\/elinformanteperu.com\/index.php\/wp-json\/wp\/v2\/comments?post=26589"}],"version-history":[{"count":1,"href":"https:\/\/elinformanteperu.com\/index.php\/wp-json\/wp\/v2\/posts\/26589\/revisions"}],"predecessor-version":[{"id":26592,"href":"https:\/\/elinformanteperu.com\/index.php\/wp-json\/wp\/v2\/posts\/26589\/revisions\/26592"}],"wp:featuredmedia":[{"embeddable":true,"href":"https:\/\/elinformanteperu.com\/index.php\/wp-json\/wp\/v2\/media\/26591"}],"wp:attachment":[{"href":"https:\/\/elinformanteperu.com\/index.php\/wp-json\/wp\/v2\/media?parent=26589"}],"wp:term":[{"taxonomy":"category","embeddable":true,"href":"https:\/\/elinformanteperu.com\/index.php\/wp-json\/wp\/v2\/categories?post=26589"},{"taxonomy":"post_tag","embeddable":true,"href":"https:\/\/elinformanteperu.com\/index.php\/wp-json\/wp\/v2\/tags?post=26589"}],"curies":[{"name":"wp","href":"https:\/\/api.w.org\/{rel}","templated":true}]}}