{"id":2658,"date":"2016-12-14T00:29:30","date_gmt":"2016-12-14T05:29:30","guid":{"rendered":"http:\/\/elinformanteperu.com\/?p=2658"},"modified":"2016-12-14T00:29:30","modified_gmt":"2016-12-14T05:29:30","slug":"presidente-del-cristal-asegura-que-en-el-2017-apostaran-mas-por-las-divisiones-menores","status":"publish","type":"post","link":"https:\/\/elinformanteperu.com\/index.php\/2016\/12\/14\/presidente-del-cristal-asegura-que-en-el-2017-apostaran-mas-por-las-divisiones-menores\/","title":{"rendered":"Presidente del Cristal asegura que en el 2017 apostar\u00e1n m\u00e1s por las divisiones menores"},"content":{"rendered":"<p><strong>El presidente de Sporting Cristal, Federico C\u00faneo, dijo que la pol\u00edtica de su club para el pr\u00f3ximo a\u00f1o ser\u00e1 mirar m\u00e1s a las divisiones menores.<\/strong><\/p>\n<p><strong>Lima, 13 Diciembre 2016, (ANDINA).-<\/strong> El presidente de Sporting Cristal, Federico C\u00faneo, dijo que la pol\u00edtica de su club para el pr\u00f3ximo a\u00f1o ser\u00e1 mirar m\u00e1s a las divisiones menores porque existen jugadores importantes que demostraron su val\u00eda durante el presente torneo que ya culmina.<\/p>\n<p>C\u00faneo manifest\u00f3 que a\u00fan no se ha tocado el tema de los fichajes para la pr\u00f3xima temporada porque se mantienen concentrados en la final que sostendr\u00e1n el domingo 18 ante Melgar, en el Estadio Nacional.<\/p>\n<p>Lo que s\u00ed aclar\u00f3 es que van a mirar m\u00e1s a las divisiones menores, ya que durante los \u00faltimos partidos de los \u00abcelestes\u00bb en el actual torneo hubo desempe\u00f1os importantes de elementos j\u00f3venes de las canteras.<\/p>\n<p>\u00abEl tema de contrataciones lo dejamos para despu\u00e9s del campeonato. En los \u00faltimos partidos de este torneo ten\u00edamos varios jugadores Sub-21 en la cancha, hay que mirar a nuestras canteras en la b\u00fasqueda de jugadores. Claro que algunos complementos habr\u00e1 que hacer\u00bb, adelant\u00f3.<\/p>\n<p>Con respecto a la final del domingo, el m\u00e1ximo dirigente bajopontino manifest\u00f3 que a\u00fan no han ganado nada y que el empate de la ida lo toman con tranquilidad.<\/p>\n<p>\u00abEs muy importante que estemos celebrando este d\u00eda de aniversario del club en medio de esta final. Arequipa ha sido el primer tiempo y ahora vamos por el segundo\u00bb, dijo C\u00faneo a &#8216;Impacto Deportivo&#8217; de Radio Ovaci\u00f3n.<\/p>\n<p>Agreg\u00f3: \u00abMelgar es un rival duro, con buenos jugadores y ser\u00e1 una final complicada. S\u00e9 que las entradas est\u00e1n casi agotadas as\u00ed que ser\u00e1 una linda fiesta con la hinchada de Cristal para tratar de lograr el campeonato y cerrar el a\u00f1o 60 de la instituci\u00f3n\u00bb.<\/p>\n<p>\u00abA\u00fan no hemos ganado m\u00e1s que el ingreso a la Copa Libertadores, nada est\u00e1 dicho, tomamos este empate con tranquilidad\u00bb, asegur\u00f3.<\/p>\n<p>Cristal necesita de un empate a cero o de un triunfo de cualquier escore para coronarse campe\u00f3n nacional. Ser\u00eda el trofeo n\u00famero 18 para el equipo rimense, que en los \u00faltimos tres a\u00f1os disput\u00f3 tres finales consecutivas. Su \u00faltima corona la gan\u00f3 en el 2014.<\/p>\n<p><img fetchpriority=\"high\" decoding=\"async\" class=\"size-full wp-image-1876 aligncenter\" src=\"http:\/\/elinformanteperu.com\/wp-content\/uploads\/2016\/11\/cristal-melgar1.jpg\" alt=\"\" width=\"1800\" height=\"1212\" srcset=\"https:\/\/elinformanteperu.com\/wp-content\/uploads\/2016\/11\/cristal-melgar1.jpg 1800w, https:\/\/elinformanteperu.com\/wp-content\/uploads\/2016\/11\/cristal-melgar1-300x202.jpg 300w, https:\/\/elinformanteperu.com\/wp-content\/uploads\/2016\/11\/cristal-melgar1-768x517.jpg 768w, https:\/\/elinformanteperu.com\/wp-content\/uploads\/2016\/11\/cristal-melgar1-1024x689.jpg 1024w, https:\/\/elinformanteperu.com\/wp-content\/uploads\/2016\/11\/cristal-melgar1-128x86.jpg 128w, https:\/\/elinformanteperu.com\/wp-content\/uploads\/2016\/11\/cristal-melgar1-32x22.jpg 32w\" sizes=\"(max-width: 1800px) 100vw, 1800px\" \/><\/p>\n","protected":false},"excerpt":{"rendered":"<p>El presidente de Sporting Cristal, Federico C\u00faneo, dijo que la pol\u00edtica de su club para el pr\u00f3ximo a\u00f1o ser\u00e1 mirar m\u00e1s a las divisiones menores. Lima, 13 Diciembre 2016, (ANDINA).- El presidente de Sporting Cristal, Federico C\u00faneo, dijo que la pol\u00edtica de su club para el pr\u00f3ximo a\u00f1o ser\u00e1 mirar m\u00e1s a las divisiones menores [&hellip;]<\/p>\n","protected":false},"author":1,"featured_media":2548,"comment_status":"open","ping_status":"open","sticky":false,"template":"","format":"standard","meta":{"rop_custom_images_group":[],"rop_custom_messages_group":[],"rop_publish_now":"initial","rop_publish_now_accounts":[],"rop_publish_now_history":[],"rop_publish_now_status":"pending","footnotes":""},"categories":[8],"tags":[200],"class_list":["post-2658","post","type-post","status-publish","format-standard","has-post-thumbnail","hentry","category-disciplinas-deportivas","tag-sporting-cristal"],"_links":{"self":[{"href":"https:\/\/elinformanteperu.com\/index.php\/wp-json\/wp\/v2\/posts\/2658","targetHints":{"allow":["GET"]}}],"collection":[{"href":"https:\/\/elinformanteperu.com\/index.php\/wp-json\/wp\/v2\/posts"}],"about":[{"href":"https:\/\/elinformanteperu.com\/index.php\/wp-json\/wp\/v2\/types\/post"}],"author":[{"embeddable":true,"href":"https:\/\/elinformanteperu.com\/index.php\/wp-json\/wp\/v2\/users\/1"}],"replies":[{"embeddable":true,"href":"https:\/\/elinformanteperu.com\/index.php\/wp-json\/wp\/v2\/comments?post=2658"}],"version-history":[{"count":1,"href":"https:\/\/elinformanteperu.com\/index.php\/wp-json\/wp\/v2\/posts\/2658\/revisions"}],"predecessor-version":[{"id":2659,"href":"https:\/\/elinformanteperu.com\/index.php\/wp-json\/wp\/v2\/posts\/2658\/revisions\/2659"}],"wp:featuredmedia":[{"embeddable":true,"href":"https:\/\/elinformanteperu.com\/index.php\/wp-json\/wp\/v2\/media\/2548"}],"wp:attachment":[{"href":"https:\/\/elinformanteperu.com\/index.php\/wp-json\/wp\/v2\/media?parent=2658"}],"wp:term":[{"taxonomy":"category","embeddable":true,"href":"https:\/\/elinformanteperu.com\/index.php\/wp-json\/wp\/v2\/categories?post=2658"},{"taxonomy":"post_tag","embeddable":true,"href":"https:\/\/elinformanteperu.com\/index.php\/wp-json\/wp\/v2\/tags?post=2658"}],"curies":[{"name":"wp","href":"https:\/\/api.w.org\/{rel}","templated":true}]}}