{"id":2656,"date":"2016-12-14T00:26:57","date_gmt":"2016-12-14T05:26:57","guid":{"rendered":"http:\/\/elinformanteperu.com\/?p=2656"},"modified":"2016-12-14T00:26:57","modified_gmt":"2016-12-14T05:26:57","slug":"trauco-agradece-la-propuesta-economica-la-u-pero-su-objetivo-es-emigrar-al-exterior","status":"publish","type":"post","link":"https:\/\/elinformanteperu.com\/index.php\/2016\/12\/14\/trauco-agradece-la-propuesta-economica-la-u-pero-su-objetivo-es-emigrar-al-exterior\/","title":{"rendered":"Trauco agradece la propuesta econ\u00f3mica la \u00abU\u00bb, pero su objetivo es emigrar al exterior"},"content":{"rendered":"<p><strong>El lateral izquierdo que milit\u00f3 en Universitario de Deportes, Miguel Trauco, manifest\u00f3 su agradecimiento a la directiva crema por ofrecerle una buena propuesta.<\/strong><\/p>\n<p><strong>Lima, 13 Diciembre 2016, (ANDINA).<\/strong>&#8211; El lateral izquierdo que milit\u00f3 en Universitario de Deportes, Miguel Trauco, manifest\u00f3 su agradecimiento a la directiva crema por ofrecerle una buena propuesta econ\u00f3mica para que contin\u00fae en el club, pero confirm\u00f3 que su decisi\u00f3n de irse al extranjero es para crecer en el nivel futbol\u00edstico y no por un tema monetario.<\/p>\n<p>\u00abSi no hubiera tenido una oferta de afuera, solo me quedar\u00eda en Universitario de Deportes. Estoy muy agradecido con la nueva dirigencia por hacerme una muy buena oferta, pero lo m\u00edo no pasa por lo econ\u00f3mico, sino por crecer\u00bb, declar\u00f3 Trauco a Depor.<\/p>\n<p>\u00abTengo una propuesta del Morelia, pero lo del Flamengo va por buen rumbo. S\u00e9 que ah\u00ed puedo crecer en lo futbol\u00edstico. Ojal\u00e1 se concrete y pueda darle pases a Paolo Guerrero\u00bb, agreg\u00f3 el lateral nacido en Tarapoto.<\/p>\n<p>Asimismo, el futbolista de 24 a\u00f1os asegur\u00f3 que alg\u00fan d\u00eda espera volver a Universitario para sacarlo campe\u00f3n, cosa que no se pudo lograr en el presente a\u00f1o.<\/p>\n<p>\u00abEspero volver a la &#8216;U&#8217; y sacarme la espina de ser campe\u00f3n. Me voy triste porque no se pudo lograr el t\u00edtulo, pero me siento feliz porque pude dejar huella. Fui de menos a m\u00e1s y espero que, a donde vaya, sea vitrina para m\u00e1s adelante; sue\u00f1o con llegar a Inglaterra, Espa\u00f1a o Italia\u00bb, sentenci\u00f3 Trauco.<\/p>\n<p>De otro lado, en el Flamengo negaron que hayan cerrado tratos con el defensa crema, pero s\u00ed aseguraron es un elementos que les interesa de sobremanera.<\/p>\n<p><img fetchpriority=\"high\" decoding=\"async\" class=\"size-full wp-image-2602 aligncenter\" src=\"http:\/\/elinformanteperu.com\/wp-content\/uploads\/2016\/12\/miguel-trauco1.jpg\" alt=\"\" width=\"1800\" height=\"1199\" srcset=\"https:\/\/elinformanteperu.com\/wp-content\/uploads\/2016\/12\/miguel-trauco1.jpg 1800w, https:\/\/elinformanteperu.com\/wp-content\/uploads\/2016\/12\/miguel-trauco1-300x200.jpg 300w, https:\/\/elinformanteperu.com\/wp-content\/uploads\/2016\/12\/miguel-trauco1-768x512.jpg 768w, https:\/\/elinformanteperu.com\/wp-content\/uploads\/2016\/12\/miguel-trauco1-1024x682.jpg 1024w, https:\/\/elinformanteperu.com\/wp-content\/uploads\/2016\/12\/miguel-trauco1-128x85.jpg 128w, https:\/\/elinformanteperu.com\/wp-content\/uploads\/2016\/12\/miguel-trauco1-32x21.jpg 32w\" sizes=\"(max-width: 1800px) 100vw, 1800px\" \/><\/p>\n","protected":false},"excerpt":{"rendered":"<p>El lateral izquierdo que milit\u00f3 en Universitario de Deportes, Miguel Trauco, manifest\u00f3 su agradecimiento a la directiva crema por ofrecerle una buena propuesta. Lima, 13 Diciembre 2016, (ANDINA).&#8211; El lateral izquierdo que milit\u00f3 en Universitario de Deportes, Miguel Trauco, manifest\u00f3 su agradecimiento a la directiva crema por ofrecerle una buena propuesta econ\u00f3mica para que contin\u00fae [&hellip;]<\/p>\n","protected":false},"author":1,"featured_media":2601,"comment_status":"open","ping_status":"open","sticky":false,"template":"","format":"standard","meta":{"rop_custom_images_group":[],"rop_custom_messages_group":[],"rop_publish_now":"initial","rop_publish_now_accounts":[],"rop_publish_now_history":[],"rop_publish_now_status":"pending","footnotes":""},"categories":[8],"tags":[519,144],"class_list":["post-2656","post","type-post","status-publish","format-standard","has-post-thumbnail","hentry","category-disciplinas-deportivas","tag-miguel-trauco","tag-universitario-de-deportes"],"_links":{"self":[{"href":"https:\/\/elinformanteperu.com\/index.php\/wp-json\/wp\/v2\/posts\/2656","targetHints":{"allow":["GET"]}}],"collection":[{"href":"https:\/\/elinformanteperu.com\/index.php\/wp-json\/wp\/v2\/posts"}],"about":[{"href":"https:\/\/elinformanteperu.com\/index.php\/wp-json\/wp\/v2\/types\/post"}],"author":[{"embeddable":true,"href":"https:\/\/elinformanteperu.com\/index.php\/wp-json\/wp\/v2\/users\/1"}],"replies":[{"embeddable":true,"href":"https:\/\/elinformanteperu.com\/index.php\/wp-json\/wp\/v2\/comments?post=2656"}],"version-history":[{"count":1,"href":"https:\/\/elinformanteperu.com\/index.php\/wp-json\/wp\/v2\/posts\/2656\/revisions"}],"predecessor-version":[{"id":2657,"href":"https:\/\/elinformanteperu.com\/index.php\/wp-json\/wp\/v2\/posts\/2656\/revisions\/2657"}],"wp:featuredmedia":[{"embeddable":true,"href":"https:\/\/elinformanteperu.com\/index.php\/wp-json\/wp\/v2\/media\/2601"}],"wp:attachment":[{"href":"https:\/\/elinformanteperu.com\/index.php\/wp-json\/wp\/v2\/media?parent=2656"}],"wp:term":[{"taxonomy":"category","embeddable":true,"href":"https:\/\/elinformanteperu.com\/index.php\/wp-json\/wp\/v2\/categories?post=2656"},{"taxonomy":"post_tag","embeddable":true,"href":"https:\/\/elinformanteperu.com\/index.php\/wp-json\/wp\/v2\/tags?post=2656"}],"curies":[{"name":"wp","href":"https:\/\/api.w.org\/{rel}","templated":true}]}}