{"id":26455,"date":"2018-05-09T23:22:35","date_gmt":"2018-05-10T04:22:35","guid":{"rendered":"http:\/\/elinformanteperu.com\/?p=26455"},"modified":"2018-05-09T23:22:35","modified_gmt":"2018-05-10T04:22:35","slug":"seleccion-peruana-que-grado-de-presion-tendra-la-blanquirroja-en-rusia-2018","status":"publish","type":"post","link":"https:\/\/elinformanteperu.com\/index.php\/2018\/05\/09\/seleccion-peruana-que-grado-de-presion-tendra-la-blanquirroja-en-rusia-2018\/","title":{"rendered":"Selecci\u00f3n peruana: qu\u00e9 grado de presi\u00f3n tendr\u00e1 la Blanquirroja en Rusia 2018"},"content":{"rendered":"<p><strong><span style=\"color: #000000;\">M\u00e1s all\u00e1 de pugnar por conocer a qu\u00e9 jugadores llevar\u00e1 el t\u00e9cnico Ricardo Gareca al Mundial de Rusia 2018, la duda recae en el grado de presi\u00f3n con que llegar\u00e1 la escuadra nacional.<\/span><\/strong><\/p>\n<p><span style=\"color: #000000;\"><strong>Lima, 08 de Mayo 2018, (ANDINA).-<\/strong> M\u00e1s all\u00e1 de pugnar por conocer a qu\u00e9 jugadores llevar\u00e1 el t\u00e9cnico Ricardo Gareca al Mundial de Rusia 2018, la duda recae en el grado de presi\u00f3n con que llegar\u00e1 la escuadra nacional porque estar\u00e1n sometidos a la alta exigencia en un certamen m\u00e1ximo al que Per\u00fa no accede desde hace 36 a\u00f1os.<\/span><\/p>\n<p><span style=\"color: #000000;\">El director deportivo de la Federaci\u00f3n Peruana de F\u00fatbol (FPF), Juan Carlos Oblitas, quien fue parte del plantel de jugadores en el \u00faltimo Mundial que disput\u00f3 la Blanquirroja, se\u00f1al\u00f3 que la escuadra nacional ir\u00e1 al Mundial a competir y a hacer lo m\u00e1s sabe: jugar al f\u00fatbol.<\/span><\/p>\n<p><span style=\"color: #000000;\">Indic\u00f3 que la presi\u00f3n que rodea la Copa del Mundo no afectar\u00e1 al plantel de futbolistas porque asegura que ellos ya se desprendieron de esos s\u00edntomas en las eliminatorias al clasificar al certamen m\u00e1ximo.<\/span><\/p>\n<p><span style=\"color: #000000;\">\u00abEn nuestro caso tenemos la ventaja de que ya nos hemos desprendido de toda la presi\u00f3n que ten\u00edamos por clasificar. Solo queda jugar, que es lo que mejor sabe hacer este grupo\u00bb, se\u00f1al\u00f3 Oblitas.<\/span><\/p>\n<p><span style=\"color: #000000;\">El ahora dirigente de la FPF recalc\u00f3 que el objetivo la la \u00abbicolor\u00bb ya sabe a qu\u00e9 juega y ahora queda plasmarlo en el Mundial porque tienen equipo para ir a competir a Rusia.<\/span><\/p>\n<p><span style=\"color: #000000;\">\u00abNo debemos olvidar que estamos yendo a un Mundial despu\u00e9s de 36 a\u00f1os, as\u00ed que disfrutemos mucho de esta participaci\u00f3n. En Rusia tenemos que ir a competir porque tenemos equipo para hacerlo. En la selecci\u00f3n los jugadores se potencian, elevan su rendimiento individual y el plantel ya sabe perfectamente a qu\u00e9 juega. Ahora hay que demostrarlo en el Mundial\u00bb, finaliz\u00f3.<\/span><\/p>\n<p><span style=\"color: #000000;\">Finalmente, dio algunas pistas de c\u00f3mo se compondr\u00eda la lista final de 23 jugadores que deber\u00e1 presentar el t\u00e9cnico Ricardo Gareca, el 14 de mayo como m\u00e1ximo.<\/span><\/p>\n<p><span style=\"color: #000000;\">\u00abPara cualquier t\u00e9cnico de selecci\u00f3n es dif\u00edcil cambiar el equipo con el que uno ya viene trabajando y adem\u00e1s clasifica a un Mundial. Creo que tendr\u00eda que darse un hecho excepcional para que el t\u00e9cnico haga muchos cambios en el plantel. Algo que mucha gente no entiende hasta ahora es que a Rusia van 23 jugadores, y tres son arqueros\u00bb, declar\u00f3 a BBVA World.<\/span><\/p>\n<p><img fetchpriority=\"high\" decoding=\"async\" class=\"aligncenter size-full wp-image-25227\" src=\"http:\/\/elinformanteperu.com\/wp-content\/uploads\/2018\/04\/seleccion-peruana-66.jpg\" alt=\"\" width=\"1800\" height=\"1249\" srcset=\"https:\/\/elinformanteperu.com\/wp-content\/uploads\/2018\/04\/seleccion-peruana-66.jpg 1800w, https:\/\/elinformanteperu.com\/wp-content\/uploads\/2018\/04\/seleccion-peruana-66-300x208.jpg 300w, https:\/\/elinformanteperu.com\/wp-content\/uploads\/2018\/04\/seleccion-peruana-66-768x533.jpg 768w, https:\/\/elinformanteperu.com\/wp-content\/uploads\/2018\/04\/seleccion-peruana-66-1024x711.jpg 1024w, https:\/\/elinformanteperu.com\/wp-content\/uploads\/2018\/04\/seleccion-peruana-66-128x89.jpg 128w, https:\/\/elinformanteperu.com\/wp-content\/uploads\/2018\/04\/seleccion-peruana-66-32x22.jpg 32w\" sizes=\"(max-width: 1800px) 100vw, 1800px\" \/><\/p>\n","protected":false},"excerpt":{"rendered":"<p>M\u00e1s all\u00e1 de pugnar por conocer a qu\u00e9 jugadores llevar\u00e1 el t\u00e9cnico Ricardo Gareca al Mundial de Rusia 2018, la duda recae en el grado de presi\u00f3n con que llegar\u00e1 la escuadra nacional. Lima, 08 de Mayo 2018, (ANDINA).- M\u00e1s all\u00e1 de pugnar por conocer a qu\u00e9 jugadores llevar\u00e1 el t\u00e9cnico Ricardo Gareca al Mundial [&hellip;]<\/p>\n","protected":false},"author":1,"featured_media":23515,"comment_status":"open","ping_status":"open","sticky":false,"template":"","format":"standard","meta":{"rop_custom_images_group":[],"rop_custom_messages_group":[],"rop_publish_now":"initial","rop_publish_now_accounts":[],"rop_publish_now_history":[],"rop_publish_now_status":"pending","footnotes":""},"categories":[8],"tags":[593,92,137],"class_list":["post-26455","post","type-post","status-publish","format-standard","has-post-thumbnail","hentry","category-disciplinas-deportivas","tag-juan-carlos-oblitas","tag-ricardo-gareca","tag-seleccion-peruana"],"_links":{"self":[{"href":"https:\/\/elinformanteperu.com\/index.php\/wp-json\/wp\/v2\/posts\/26455","targetHints":{"allow":["GET"]}}],"collection":[{"href":"https:\/\/elinformanteperu.com\/index.php\/wp-json\/wp\/v2\/posts"}],"about":[{"href":"https:\/\/elinformanteperu.com\/index.php\/wp-json\/wp\/v2\/types\/post"}],"author":[{"embeddable":true,"href":"https:\/\/elinformanteperu.com\/index.php\/wp-json\/wp\/v2\/users\/1"}],"replies":[{"embeddable":true,"href":"https:\/\/elinformanteperu.com\/index.php\/wp-json\/wp\/v2\/comments?post=26455"}],"version-history":[{"count":1,"href":"https:\/\/elinformanteperu.com\/index.php\/wp-json\/wp\/v2\/posts\/26455\/revisions"}],"predecessor-version":[{"id":26457,"href":"https:\/\/elinformanteperu.com\/index.php\/wp-json\/wp\/v2\/posts\/26455\/revisions\/26457"}],"wp:featuredmedia":[{"embeddable":true,"href":"https:\/\/elinformanteperu.com\/index.php\/wp-json\/wp\/v2\/media\/23515"}],"wp:attachment":[{"href":"https:\/\/elinformanteperu.com\/index.php\/wp-json\/wp\/v2\/media?parent=26455"}],"wp:term":[{"taxonomy":"category","embeddable":true,"href":"https:\/\/elinformanteperu.com\/index.php\/wp-json\/wp\/v2\/categories?post=26455"},{"taxonomy":"post_tag","embeddable":true,"href":"https:\/\/elinformanteperu.com\/index.php\/wp-json\/wp\/v2\/tags?post=26455"}],"curies":[{"name":"wp","href":"https:\/\/api.w.org\/{rel}","templated":true}]}}