{"id":26451,"date":"2018-05-09T23:19:38","date_gmt":"2018-05-10T04:19:38","guid":{"rendered":"http:\/\/elinformanteperu.com\/?p=26451"},"modified":"2018-05-09T23:19:38","modified_gmt":"2018-05-10T04:19:38","slug":"seleccion-peruana-ruidiaz-llego-a-lima-y-dice-estar-en-su-mejor-momento","status":"publish","type":"post","link":"https:\/\/elinformanteperu.com\/index.php\/2018\/05\/09\/seleccion-peruana-ruidiaz-llego-a-lima-y-dice-estar-en-su-mejor-momento\/","title":{"rendered":"Selecci\u00f3n peruana: Ruid\u00edaz lleg\u00f3 a Lima y dice estar \u00aben su mejor momento\u00bb"},"content":{"rendered":"<p><strong><span style=\"color: #000000;\">\u00abEstoy en mi mejor momento, estamos para grandes cosas en el mundial\u00bb, con estas declaraciones Ra\u00fal Ruid\u00edaz arrib\u00f3 a Lima procedente de M\u00e9xico.<\/span><\/strong><\/p>\n<p><span style=\"color: #000000;\"><strong>Lima, 08 de Mayo 2018, (ANDINA).-<\/strong> \u00abEstoy en mi mejor momento, estamos para grandes cosas en el mundial\u00bb, con estas declaraciones Ra\u00fal Ruid\u00edaz arrib\u00f3 a Lima procedente de M\u00e9xico para integrarse ma\u00f1ana a los entrenamientos de la selecci\u00f3n peruana con miras al Mundial de Rusia 2018.<\/span><\/p>\n<p><span style=\"color: #000000;\">A pesar que el t\u00e9cnico Gareca a\u00fan no brinda detalles de los 23 convocados para la lista final de jugadores que llevar\u00e1 a Rusia 2018, Ra\u00fal Ruid\u00edaz es uno de los futbolistas convocables y pieza importante en el actual esquema de juego de la Blanquirroja.<\/span><\/p>\n<p><span style=\"color: #000000;\">\u00abEstoy en mi mejor momento, estamos para grandes cosas en el mundial\u00bb declar\u00f3 Ruid\u00edaz apenas se reencontr\u00f3 con la prensa local que aguardaba su salida en el aeropuerto Jorge Ch\u00e1vez.<\/span><\/p>\n<p><span style=\"color: #000000;\">Ra\u00fal Ruid\u00edaz lleg\u00f3 de M\u00e9xico luego que su club, el Monarcas Morelia, empat\u00f3 2-2 ate el Toluca y qued\u00f3 eliminado de los cuartos de final de la Liga MX.<\/span><\/p>\n<p><span style=\"color: #000000;\">El jugador podr\u00eda dejar el f\u00fatbol mexicano para emigrar a Europa. Seg\u00fan su representante, David Peza existen dos propuestas para el ariete. Suena fuerte en el Lokomotiv Mosc\u00fa de Rusia, donde juega Jefferson Farf\u00e1n.<\/span><\/p>\n<p><img fetchpriority=\"high\" decoding=\"async\" class=\"aligncenter size-full wp-image-21021\" src=\"http:\/\/elinformanteperu.com\/wp-content\/uploads\/2018\/01\/peru-nueva-zelanda-ruidiaz.jpg\" alt=\"\" width=\"1800\" height=\"1200\" srcset=\"https:\/\/elinformanteperu.com\/wp-content\/uploads\/2018\/01\/peru-nueva-zelanda-ruidiaz.jpg 1800w, https:\/\/elinformanteperu.com\/wp-content\/uploads\/2018\/01\/peru-nueva-zelanda-ruidiaz-300x200.jpg 300w, https:\/\/elinformanteperu.com\/wp-content\/uploads\/2018\/01\/peru-nueva-zelanda-ruidiaz-768x512.jpg 768w, https:\/\/elinformanteperu.com\/wp-content\/uploads\/2018\/01\/peru-nueva-zelanda-ruidiaz-1024x683.jpg 1024w, https:\/\/elinformanteperu.com\/wp-content\/uploads\/2018\/01\/peru-nueva-zelanda-ruidiaz-128x85.jpg 128w, https:\/\/elinformanteperu.com\/wp-content\/uploads\/2018\/01\/peru-nueva-zelanda-ruidiaz-32x21.jpg 32w\" sizes=\"(max-width: 1800px) 100vw, 1800px\" \/><\/p>\n","protected":false},"excerpt":{"rendered":"<p>\u00abEstoy en mi mejor momento, estamos para grandes cosas en el mundial\u00bb, con estas declaraciones Ra\u00fal Ruid\u00edaz arrib\u00f3 a Lima procedente de M\u00e9xico. Lima, 08 de Mayo 2018, (ANDINA).- \u00abEstoy en mi mejor momento, estamos para grandes cosas en el mundial\u00bb, con estas declaraciones Ra\u00fal Ruid\u00edaz arrib\u00f3 a Lima procedente de M\u00e9xico para integrarse ma\u00f1ana [&hellip;]<\/p>\n","protected":false},"author":1,"featured_media":26453,"comment_status":"open","ping_status":"open","sticky":false,"template":"","format":"standard","meta":{"rop_custom_images_group":[],"rop_custom_messages_group":[],"rop_publish_now":"initial","rop_publish_now_accounts":[],"rop_publish_now_history":[],"rop_publish_now_status":"pending","footnotes":""},"categories":[8],"tags":[669,137],"class_list":["post-26451","post","type-post","status-publish","format-standard","has-post-thumbnail","hentry","category-disciplinas-deportivas","tag-raul-ruidiaz","tag-seleccion-peruana"],"_links":{"self":[{"href":"https:\/\/elinformanteperu.com\/index.php\/wp-json\/wp\/v2\/posts\/26451","targetHints":{"allow":["GET"]}}],"collection":[{"href":"https:\/\/elinformanteperu.com\/index.php\/wp-json\/wp\/v2\/posts"}],"about":[{"href":"https:\/\/elinformanteperu.com\/index.php\/wp-json\/wp\/v2\/types\/post"}],"author":[{"embeddable":true,"href":"https:\/\/elinformanteperu.com\/index.php\/wp-json\/wp\/v2\/users\/1"}],"replies":[{"embeddable":true,"href":"https:\/\/elinformanteperu.com\/index.php\/wp-json\/wp\/v2\/comments?post=26451"}],"version-history":[{"count":1,"href":"https:\/\/elinformanteperu.com\/index.php\/wp-json\/wp\/v2\/posts\/26451\/revisions"}],"predecessor-version":[{"id":26454,"href":"https:\/\/elinformanteperu.com\/index.php\/wp-json\/wp\/v2\/posts\/26451\/revisions\/26454"}],"wp:featuredmedia":[{"embeddable":true,"href":"https:\/\/elinformanteperu.com\/index.php\/wp-json\/wp\/v2\/media\/26453"}],"wp:attachment":[{"href":"https:\/\/elinformanteperu.com\/index.php\/wp-json\/wp\/v2\/media?parent=26451"}],"wp:term":[{"taxonomy":"category","embeddable":true,"href":"https:\/\/elinformanteperu.com\/index.php\/wp-json\/wp\/v2\/categories?post=26451"},{"taxonomy":"post_tag","embeddable":true,"href":"https:\/\/elinformanteperu.com\/index.php\/wp-json\/wp\/v2\/tags?post=26451"}],"curies":[{"name":"wp","href":"https:\/\/api.w.org\/{rel}","templated":true}]}}