{"id":2634,"date":"2016-12-13T00:53:04","date_gmt":"2016-12-13T05:53:04","guid":{"rendered":"http:\/\/elinformanteperu.com\/?p=2634"},"modified":"2016-12-13T00:53:04","modified_gmt":"2016-12-13T05:53:04","slug":"asi-fue-la-marcha-la-educacion-se-respeta","status":"publish","type":"post","link":"https:\/\/elinformanteperu.com\/index.php\/2016\/12\/13\/asi-fue-la-marcha-la-educacion-se-respeta\/","title":{"rendered":"As\u00ed fue la marcha \u201cLa educaci\u00f3n se respeta\u201d"},"content":{"rendered":"<p><strong>J\u00f3venes de diversas universidades, ciudadanos y miembros de la Sociedad Civil participaron en la marcha para manifestar su rechazo a la moci\u00f3n de censura contra el ministro Jaime Saavedra.<\/strong><\/p>\n<p><strong>Lima, 12 Diciembre 2016, (ANDINA).-<\/strong> J\u00f3venes de diversas universidades, ciudadanos y miembros de la Sociedad Civil participaron en la marcha para manifestar su rechazo a la moci\u00f3n de censura contra el ministro de Educaci\u00f3n, Jaime Saavedra.<\/p>\n<p>La marcha se inici\u00f3 pasadas las 18:00 horas en la Plaza San Mart\u00edn. Los asistentes se manifestaron con pancartas con los lemas y c\u00e1nticos \u00abSaavedra estamos contigo\u00bb, \u00abCon la educaci\u00f3n no se metan\u00bb, La educaci\u00f3n se respeta\u00bb, \u00abPer\u00fa te quiero, por eso te defiendo\u00bb, entre otros.<\/p>\n<p>Los manifestantes congregados bajo el lema \u00abLa educaci\u00f3n se respeta\u00bb, pidieron a la bancada Fuerza Popular dar marcha atr\u00e1s a su intenci\u00f3n de censurar al ministro de Educaci\u00f3n, Jaime Saavedra.<\/p>\n<p>Un grupo reducido de manifestantes se desvi\u00f3 de la ruta e intent\u00f3 llegar hasta el Congreso, pero inmediatamente los miembros de la Polic\u00eda Nacional hicieron un cerco humano e impidieron el ingreso de j\u00f3venes a ese recinto.<\/p>\n<p>Luego los asistentes continuaron su recorrido por la avenida Colmena, siguiendo por Wilson, Paseo Col\u00f3n, Grau, Abancay para volver por Colmena y finalizar nuevamente en la Plaza San Mart\u00edn.<\/p>\n<p>Al evento acudieron el presidente de Transparencia Internacional, Jos\u00e9 Ugaz, la lideresa del Frente Amplio, Ver\u00f3nika Mendoza, el excandidato presidencial del Frente Esperanza, Fernando Olivera, adem\u00e1s de diversos congresistas y periodistas.<\/p>\n<p>La bancada de Fuerza Popular present\u00f3 el \u00faltimo viernes una moci\u00f3n de censura contra el titular de Educaci\u00f3n, luego que sus respuestas \u201cno convencieran\u201d durante la interpelaci\u00f3n a la que fue sometido en el Congreso de la Rep\u00fablica.<\/p>\n","protected":false},"excerpt":{"rendered":"<p>J\u00f3venes de diversas universidades, ciudadanos y miembros de la Sociedad Civil participaron en la marcha para manifestar su rechazo a la moci\u00f3n de censura contra el ministro Jaime Saavedra. Lima, 12 Diciembre 2016, (ANDINA).- J\u00f3venes de diversas universidades, ciudadanos y miembros de la Sociedad Civil participaron en la marcha para manifestar su rechazo a la [&hellip;]<\/p>\n","protected":false},"author":1,"featured_media":2635,"comment_status":"open","ping_status":"open","sticky":false,"template":"","format":"standard","meta":{"rop_custom_images_group":[],"rop_custom_messages_group":[],"rop_publish_now":"initial","rop_publish_now_accounts":[],"rop_publish_now_history":[],"rop_publish_now_status":"pending","footnotes":""},"categories":[5],"tags":[286,526],"class_list":["post-2634","post","type-post","status-publish","format-standard","has-post-thumbnail","hentry","category-actualidad-informativa","tag-jaime-saavedra","tag-marcha-jovenes"],"_links":{"self":[{"href":"https:\/\/elinformanteperu.com\/index.php\/wp-json\/wp\/v2\/posts\/2634","targetHints":{"allow":["GET"]}}],"collection":[{"href":"https:\/\/elinformanteperu.com\/index.php\/wp-json\/wp\/v2\/posts"}],"about":[{"href":"https:\/\/elinformanteperu.com\/index.php\/wp-json\/wp\/v2\/types\/post"}],"author":[{"embeddable":true,"href":"https:\/\/elinformanteperu.com\/index.php\/wp-json\/wp\/v2\/users\/1"}],"replies":[{"embeddable":true,"href":"https:\/\/elinformanteperu.com\/index.php\/wp-json\/wp\/v2\/comments?post=2634"}],"version-history":[{"count":1,"href":"https:\/\/elinformanteperu.com\/index.php\/wp-json\/wp\/v2\/posts\/2634\/revisions"}],"predecessor-version":[{"id":2636,"href":"https:\/\/elinformanteperu.com\/index.php\/wp-json\/wp\/v2\/posts\/2634\/revisions\/2636"}],"wp:featuredmedia":[{"embeddable":true,"href":"https:\/\/elinformanteperu.com\/index.php\/wp-json\/wp\/v2\/media\/2635"}],"wp:attachment":[{"href":"https:\/\/elinformanteperu.com\/index.php\/wp-json\/wp\/v2\/media?parent=2634"}],"wp:term":[{"taxonomy":"category","embeddable":true,"href":"https:\/\/elinformanteperu.com\/index.php\/wp-json\/wp\/v2\/categories?post=2634"},{"taxonomy":"post_tag","embeddable":true,"href":"https:\/\/elinformanteperu.com\/index.php\/wp-json\/wp\/v2\/tags?post=2634"}],"curies":[{"name":"wp","href":"https:\/\/api.w.org\/{rel}","templated":true}]}}