{"id":2631,"date":"2016-12-13T00:48:33","date_gmt":"2016-12-13T05:48:33","guid":{"rendered":"http:\/\/elinformanteperu.com\/?p=2631"},"modified":"2016-12-13T00:48:33","modified_gmt":"2016-12-13T05:48:33","slug":"jovenes-que-marchan-hoy-ven-ruta-de-reforma-en-educacion-indica-saavedra","status":"publish","type":"post","link":"https:\/\/elinformanteperu.com\/index.php\/2016\/12\/13\/jovenes-que-marchan-hoy-ven-ruta-de-reforma-en-educacion-indica-saavedra\/","title":{"rendered":"J\u00f3venes que marchan hoy ven ruta de reforma en educaci\u00f3n, indica Saavedra"},"content":{"rendered":"<p><strong>Los j\u00f3venes universitarios que convocaron una marcha ven que existe una ruta en la reforma educativa, destac\u00f3 el ministro de Educaci\u00f3n, Jaime Saavedra.<\/strong><\/p>\n<p><strong>Lima, 12 Diciembre 2016, (ANDINA).-<\/strong> Los j\u00f3venes universitarios que convocaron una marcha ven que existe una ruta en la reforma educativa, destac\u00f3 el ministro de Educaci\u00f3n, Jaime Saavedra, al reiterar que no ve razones para renunciar al cargo.<\/p>\n<p>\u201cLa movilizaci\u00f3n tiene algo bueno, evidencia que los j\u00f3venes ven a la educaci\u00f3n como elemento fundamental en el proceso de desarrollo, eso es esperanzador, nos debe llenar de optimismo como pa\u00eds, aun cuando no tienen por qu\u00e9 estar de acuerdo con toda la pol\u00edtica que seguimos\u201d, asever\u00f3.<\/p>\n<p>Lo que s\u00ed conocen estos j\u00f3venes, dijo, es que hay una ruta de reforma en educaci\u00f3n b\u00e1sica y universitaria y en la educaci\u00f3n t\u00e9cnica, que reci\u00e9n empieza.<\/p>\n<p>Si no se contin\u00faa con esa ruta de reformas, al margen de personas y el Gobierno, no la hacemos como pa\u00eds, dado que se trata de un proceso de reforma central en el cual se debe seguir invirtiendo, a\u00f1adi\u00f3.<\/p>\n<p>\u201cHemos subinvertido en educaci\u00f3n por d\u00e9cadas, eso es lamentable, es un error que pagamos por a\u00f1os; corregir ese error dura a\u00f1os, hay evidencia de que poco apoco vamos avanzando, pero si los chicos tienen conciencia de eso es esperanzador\u201d, refiri\u00f3.<\/p>\n<p>Colectivos universitarios y juveniles convocaron para hoy a una marcha en apoyo a la reforma educativa.<\/p>\n<p>Saavedra reiter\u00f3 tambi\u00e9n que en este momento no existe una raz\u00f3n de peso fundamental para decidir de modo propio que renuncia al cargo.<\/p>\n<p>\u201cSer\u00eda malo hacerlo solo porque alguien dice renuncia, eso ser\u00eda malo para la institucionalidad del pa\u00eds\u201d, apunt\u00f3.<\/p>\n<p>Indic\u00f3 que la tanto la censura como la interpelaci\u00f3n son mecanismos v\u00e1lidos en el Congreso de la Rep\u00fablica, aunque consider\u00f3 que en la interpelaci\u00f3n las formas pudieron haber sido distintas.<\/p>\n<p>Como balance de su gesti\u00f3n, dijo que le hubiera gustado iniciar antes la reforma de los institutos tecnol\u00f3gicos y sea m\u00e1s r\u00e1pido en la implementaci\u00f3n de las otras formas en el sistema de educaci\u00f3n b\u00e1sica.<\/p>\n<p>Sostuvo, asimismo, que el Gobierno, en su prop\u00f3sito de revalorar la carrera del maestro, tiene previsto un aumento progresivo para llegar a un piso de 2,000 soles de remuneraci\u00f3n. El 2017 se llegar\u00e1 a 1,750 y el 2018 a 2000 soles.<\/p>\n","protected":false},"excerpt":{"rendered":"<p>Los j\u00f3venes universitarios que convocaron una marcha ven que existe una ruta en la reforma educativa, destac\u00f3 el ministro de Educaci\u00f3n, Jaime Saavedra. Lima, 12 Diciembre 2016, (ANDINA).- Los j\u00f3venes universitarios que convocaron una marcha ven que existe una ruta en la reforma educativa, destac\u00f3 el ministro de Educaci\u00f3n, Jaime Saavedra, al reiterar que no [&hellip;]<\/p>\n","protected":false},"author":1,"featured_media":2632,"comment_status":"open","ping_status":"open","sticky":false,"template":"","format":"standard","meta":{"rop_custom_images_group":[],"rop_custom_messages_group":[],"rop_publish_now":"initial","rop_publish_now_accounts":[],"rop_publish_now_history":[],"rop_publish_now_status":"pending","footnotes":""},"categories":[5],"tags":[286],"class_list":["post-2631","post","type-post","status-publish","format-standard","has-post-thumbnail","hentry","category-actualidad-informativa","tag-jaime-saavedra"],"_links":{"self":[{"href":"https:\/\/elinformanteperu.com\/index.php\/wp-json\/wp\/v2\/posts\/2631","targetHints":{"allow":["GET"]}}],"collection":[{"href":"https:\/\/elinformanteperu.com\/index.php\/wp-json\/wp\/v2\/posts"}],"about":[{"href":"https:\/\/elinformanteperu.com\/index.php\/wp-json\/wp\/v2\/types\/post"}],"author":[{"embeddable":true,"href":"https:\/\/elinformanteperu.com\/index.php\/wp-json\/wp\/v2\/users\/1"}],"replies":[{"embeddable":true,"href":"https:\/\/elinformanteperu.com\/index.php\/wp-json\/wp\/v2\/comments?post=2631"}],"version-history":[{"count":1,"href":"https:\/\/elinformanteperu.com\/index.php\/wp-json\/wp\/v2\/posts\/2631\/revisions"}],"predecessor-version":[{"id":2633,"href":"https:\/\/elinformanteperu.com\/index.php\/wp-json\/wp\/v2\/posts\/2631\/revisions\/2633"}],"wp:featuredmedia":[{"embeddable":true,"href":"https:\/\/elinformanteperu.com\/index.php\/wp-json\/wp\/v2\/media\/2632"}],"wp:attachment":[{"href":"https:\/\/elinformanteperu.com\/index.php\/wp-json\/wp\/v2\/media?parent=2631"}],"wp:term":[{"taxonomy":"category","embeddable":true,"href":"https:\/\/elinformanteperu.com\/index.php\/wp-json\/wp\/v2\/categories?post=2631"},{"taxonomy":"post_tag","embeddable":true,"href":"https:\/\/elinformanteperu.com\/index.php\/wp-json\/wp\/v2\/tags?post=2631"}],"curies":[{"name":"wp","href":"https:\/\/api.w.org\/{rel}","templated":true}]}}