{"id":26239,"date":"2018-05-03T20:49:22","date_gmt":"2018-05-04T01:49:22","guid":{"rendered":"http:\/\/elinformanteperu.com\/?p=26239"},"modified":"2018-05-03T20:49:22","modified_gmt":"2018-05-04T01:49:22","slug":"gigante-del-entretenimiento-live-nation-compra-festival-rock-in-rio","status":"publish","type":"post","link":"https:\/\/elinformanteperu.com\/index.php\/2018\/05\/03\/gigante-del-entretenimiento-live-nation-compra-festival-rock-in-rio\/","title":{"rendered":"Gigante del entretenimiento Live Nation compra festival Rock in Rio"},"content":{"rendered":"<p><span style=\"color: #000000;\"><strong>El gigante del entretenimiento estadounidense Live Nation anunci\u00f3 que adquirir\u00e1 el ic\u00f3nico festival Rock N&#8217; Rio, evento de su tipo mejor posicionado en Am\u00e9rica Latina.<\/strong><\/span><\/p>\n<p><span style=\"color: #000000;\"><strong>Los \u00c1ngeles, 03 de Mayo 2018, (PL).-<\/strong> El gigante del entretenimiento estadounidense Live Nation anunci\u00f3 que adquirir\u00e1 el ic\u00f3nico festival Rock N&#8217; Rio, evento de su tipo mejor posicionado en Am\u00e9rica Latina.<\/span><\/p>\n<p><span style=\"color: #000000;\">La compa\u00f1\u00eda basada en esta ciudad tendr\u00e1 a partir del a\u00f1o pr\u00f3ximo la mayor\u00eda de las acciones de la cita que desde 1985 se celebra en la ciudad brasile\u00f1a de Rio de Janeiro, con versiones en Lisboa, Portugal, Madrid, Espa\u00f1a, y Las Vegas.<\/span><\/p>\n<p><span style=\"color: #000000;\">Live Nation se expande as\u00ed por Am\u00e9rica Latina tras una serie de adquisiciones similares que la consolidan como empresa l\u00edder de un sector en pleno crecimiento durante los \u00faltimos a\u00f1os.<\/span><\/p>\n<p><span style=\"color: #000000;\">Si bien la compa\u00f1\u00eda estadounidense regir\u00e1 el destino de Rock in Rio a partir de la edici\u00f3n de 2019, en la organizaci\u00f3n seguir\u00e1 jugando un papel importante el fundador del encuentro, el brasile\u00f1o Roberto Medina.<\/span><\/p>\n<p><span style=\"color: #000000;\">&#8216;Estamos encantados de reunir el festival de m\u00fasica m\u00e1s grande del mundo con la compa\u00f1\u00eda de entretenimiento m\u00e1s grande del planeta&#8217;, dijo Medina a prop\u00f3sito de la adquisici\u00f3n por parte de Live Nation.<\/span><\/p>\n<p><span style=\"color: #000000;\">&#8216;La asociaci\u00f3n generar\u00e1 una serie de sinergias que permitir\u00e1n la realizaci\u00f3n de ambiciones a\u00fan mayores para Rock N&#8217; Rio. Somos dos compa\u00f1\u00edas con una visi\u00f3n global unida y la capacidad de lograr grandes sue\u00f1os&#8217;, precis\u00f3 el tambi\u00e9n presidente del festival carioca.<\/span><\/p>\n<p><span style=\"color: #000000;\">Por su parte el presidente y director ejecutivo de Live Nation, Michael Rapino, destac\u00f3 que &#8216;Rock N&#8217; Rio ha crecido para convertirse en un evento verdaderamente global y el festival preeminente en el emergente mercado de eventos en vivo en Sudam\u00e9rica&#8217;.<\/span><\/p>\n<p><span style=\"color: #000000;\">Esperamos, dijo, integrar su experiencia en la industria en el negocio Live Nation.<\/span><\/p>\n<p><span style=\"color: #000000;\">El festival brasile\u00f1o celebr\u00f3 en 2017 su edici\u00f3n 18 reciente edici\u00f3n con la asistencia de unas 700 mil personas, cifra que lo ubic\u00f3 en el segundo puesto global por ese indicador.<\/span><\/p>\n<p><span style=\"color: #000000;\">La versi\u00f3n 19 se celebrar\u00e1 en el Parque da Bela Vista de Lisboa durante los dos \u00faltimos fines de semana de junio, con la asistencia confirmada de Bruno Mars, la banda brit\u00e1nica MUSE, y Katy Perry, entre otros artistas.<\/span><\/p>\n<p><span style=\"color: #000000;\">La adquisici\u00f3n del evento por Live Nation consolida a la empresa estadounidense como el m\u00e1s importante actor en la escena del entretenimiento en vivo, giras y venta de entradas.<\/span><\/p>\n<p><span style=\"color: #000000;\">El puesto se reafirma tras hacerse con los festivales brit\u00e1nicos Leeds y Reading, y los locales Lollapalooza y Bonnaroo.<\/span><\/p>\n<p><img fetchpriority=\"high\" decoding=\"async\" class=\"aligncenter size-full wp-image-18790\" src=\"http:\/\/elinformanteperu.com\/wp-content\/uploads\/2017\/11\/bruno-mars-premios.jpg\" alt=\"\" width=\"850\" height=\"560\" srcset=\"https:\/\/elinformanteperu.com\/wp-content\/uploads\/2017\/11\/bruno-mars-premios.jpg 850w, https:\/\/elinformanteperu.com\/wp-content\/uploads\/2017\/11\/bruno-mars-premios-300x198.jpg 300w, https:\/\/elinformanteperu.com\/wp-content\/uploads\/2017\/11\/bruno-mars-premios-768x506.jpg 768w, https:\/\/elinformanteperu.com\/wp-content\/uploads\/2017\/11\/bruno-mars-premios-128x84.jpg 128w, https:\/\/elinformanteperu.com\/wp-content\/uploads\/2017\/11\/bruno-mars-premios-32x21.jpg 32w\" sizes=\"(max-width: 850px) 100vw, 850px\" \/><\/p>\n","protected":false},"excerpt":{"rendered":"<p>El gigante del entretenimiento estadounidense Live Nation anunci\u00f3 que adquirir\u00e1 el ic\u00f3nico festival Rock N&#8217; Rio, evento de su tipo mejor posicionado en Am\u00e9rica Latina. Los \u00c1ngeles, 03 de Mayo 2018, (PL).- El gigante del entretenimiento estadounidense Live Nation anunci\u00f3 que adquirir\u00e1 el ic\u00f3nico festival Rock N&#8217; Rio, evento de su tipo mejor posicionado en [&hellip;]<\/p>\n","protected":false},"author":1,"featured_media":26241,"comment_status":"open","ping_status":"open","sticky":false,"template":"","format":"standard","meta":{"rop_custom_images_group":[],"rop_custom_messages_group":[],"rop_publish_now":"initial","rop_publish_now_accounts":[],"rop_publish_now_history":[],"rop_publish_now_status":"pending","footnotes":""},"categories":[69],"tags":[3092],"class_list":["post-26239","post","type-post","status-publish","format-standard","has-post-thumbnail","hentry","category-musica","tag-rock-n-rio"],"_links":{"self":[{"href":"https:\/\/elinformanteperu.com\/index.php\/wp-json\/wp\/v2\/posts\/26239","targetHints":{"allow":["GET"]}}],"collection":[{"href":"https:\/\/elinformanteperu.com\/index.php\/wp-json\/wp\/v2\/posts"}],"about":[{"href":"https:\/\/elinformanteperu.com\/index.php\/wp-json\/wp\/v2\/types\/post"}],"author":[{"embeddable":true,"href":"https:\/\/elinformanteperu.com\/index.php\/wp-json\/wp\/v2\/users\/1"}],"replies":[{"embeddable":true,"href":"https:\/\/elinformanteperu.com\/index.php\/wp-json\/wp\/v2\/comments?post=26239"}],"version-history":[{"count":1,"href":"https:\/\/elinformanteperu.com\/index.php\/wp-json\/wp\/v2\/posts\/26239\/revisions"}],"predecessor-version":[{"id":26242,"href":"https:\/\/elinformanteperu.com\/index.php\/wp-json\/wp\/v2\/posts\/26239\/revisions\/26242"}],"wp:featuredmedia":[{"embeddable":true,"href":"https:\/\/elinformanteperu.com\/index.php\/wp-json\/wp\/v2\/media\/26241"}],"wp:attachment":[{"href":"https:\/\/elinformanteperu.com\/index.php\/wp-json\/wp\/v2\/media?parent=26239"}],"wp:term":[{"taxonomy":"category","embeddable":true,"href":"https:\/\/elinformanteperu.com\/index.php\/wp-json\/wp\/v2\/categories?post=26239"},{"taxonomy":"post_tag","embeddable":true,"href":"https:\/\/elinformanteperu.com\/index.php\/wp-json\/wp\/v2\/tags?post=26239"}],"curies":[{"name":"wp","href":"https:\/\/api.w.org\/{rel}","templated":true}]}}