{"id":26231,"date":"2018-05-03T20:39:36","date_gmt":"2018-05-04T01:39:36","guid":{"rendered":"http:\/\/elinformanteperu.com\/?p=26231"},"modified":"2018-05-03T20:39:36","modified_gmt":"2018-05-04T01:39:36","slug":"netflix-anuncia-segunda-temporada-de-serie-por-trece-razones","status":"publish","type":"post","link":"https:\/\/elinformanteperu.com\/index.php\/2018\/05\/03\/netflix-anuncia-segunda-temporada-de-serie-por-trece-razones\/","title":{"rendered":"Netflix anuncia segunda temporada de serie &#8216;Por trece razones&#8217;"},"content":{"rendered":"<p><strong><span style=\"color: #000000;\">La empresa de entretenimiento Netflix comunic\u00f3 el inicio de la segunda temporada del serial de misterio y drama adolescente &#8216;Por trece razones&#8217;.<\/span><\/strong><\/p>\n<p><span style=\"color: #000000;\"><strong>Los \u00c1ngeles, 03 de Mayo 2018, (PL).-<\/strong> La empresa estadounidense de entretenimiento Netflix comunic\u00f3 en su sitio oficial la segunda temporada del serial de misterio y drama adolescente &#8216;Por trece razones&#8217;, previsto para el 18 de mayo.<\/span><\/p>\n<p><span style=\"color: #000000;\">Aunque la saga no estaba anunciada entre los estrenos, Netflix ya asegur\u00f3 su llegada con la publicaci\u00f3n del tr\u00e1iler que deja entrever algunos conflictos de la trama y confirma el regreso de actores como Katherine Langford (Hannah), Dylan Minnette (Clay) y Christian Navarro (Tony).<\/span><\/p>\n<p><span style=\"color: #000000;\">La entrega tambi\u00e9n contar\u00e1 con las actuaciones de Justin Prentice (Bryce), Alisha Boe (Jessica), Derek Luke (Mr Porter) y Kate Walsh (Olivia Baker), quienes retomar\u00e1n en los 13 nuevos episodios los controvertidos temas del bullying, el abuso sexual y el suicidio.<\/span><\/p>\n<p><span style=\"color: #000000;\">Basada en la novela hom\u00f3nima de Jay Asher y adaptada por Brian Yorkey, la historia gira en torno a una estudiante de secundaria que se suicida despu\u00e9s de una serie de fracasos provocados por individuos selectos dentro de su escuela.<\/span><\/p>\n<p><span style=\"color: #000000;\">Seg\u00fan Netflix, la segunda temporada comenzar\u00e1 retratando las consecuencias de la muerte de Hannah y el inicio de un viaje complicado para el resto de los personajes de cara a curar las heridas del pasado.<\/span><\/p>\n<p><span style=\"color: #000000;\">Adem\u00e1s, la plataforma anunci\u00f3 que renovar\u00e1 los contenidos de la web <strong>13ReasonsWhy.info<\/strong>, un sitio concebido para discutir los temas relacionados con la serie y brindar ayuda a los j\u00f3venes que se encuentran aislados o son v\u00edctimas de la violencia sexual.<\/span><\/p>\n<p><iframe src=\"https:\/\/www.youtube-nocookie.com\/embed\/5l5YVSvdH7o?rel=0&amp;controls=0&amp;showinfo=0\" width=\"560\" height=\"315\" frameborder=\"0\" allowfullscreen=\"allowfullscreen\"><\/iframe><\/p>\n","protected":false},"excerpt":{"rendered":"<p>La empresa de entretenimiento Netflix comunic\u00f3 el inicio de la segunda temporada del serial de misterio y drama adolescente &#8216;Por trece razones&#8217;. Los \u00c1ngeles, 03 de Mayo 2018, (PL).- La empresa estadounidense de entretenimiento Netflix comunic\u00f3 en su sitio oficial la segunda temporada del serial de misterio y drama adolescente &#8216;Por trece razones&#8217;, previsto para [&hellip;]<\/p>\n","protected":false},"author":1,"featured_media":26233,"comment_status":"open","ping_status":"open","sticky":false,"template":"","format":"standard","meta":{"rop_custom_images_group":[],"rop_custom_messages_group":[],"rop_publish_now":"initial","rop_publish_now_accounts":[],"rop_publish_now_history":[],"rop_publish_now_status":"pending","footnotes":""},"categories":[70],"tags":[1594,3091],"class_list":["post-26231","post","type-post","status-publish","format-standard","has-post-thumbnail","hentry","category-farandula","tag-netflix","tag-por-trece-razones"],"_links":{"self":[{"href":"https:\/\/elinformanteperu.com\/index.php\/wp-json\/wp\/v2\/posts\/26231","targetHints":{"allow":["GET"]}}],"collection":[{"href":"https:\/\/elinformanteperu.com\/index.php\/wp-json\/wp\/v2\/posts"}],"about":[{"href":"https:\/\/elinformanteperu.com\/index.php\/wp-json\/wp\/v2\/types\/post"}],"author":[{"embeddable":true,"href":"https:\/\/elinformanteperu.com\/index.php\/wp-json\/wp\/v2\/users\/1"}],"replies":[{"embeddable":true,"href":"https:\/\/elinformanteperu.com\/index.php\/wp-json\/wp\/v2\/comments?post=26231"}],"version-history":[{"count":1,"href":"https:\/\/elinformanteperu.com\/index.php\/wp-json\/wp\/v2\/posts\/26231\/revisions"}],"predecessor-version":[{"id":26234,"href":"https:\/\/elinformanteperu.com\/index.php\/wp-json\/wp\/v2\/posts\/26231\/revisions\/26234"}],"wp:featuredmedia":[{"embeddable":true,"href":"https:\/\/elinformanteperu.com\/index.php\/wp-json\/wp\/v2\/media\/26233"}],"wp:attachment":[{"href":"https:\/\/elinformanteperu.com\/index.php\/wp-json\/wp\/v2\/media?parent=26231"}],"wp:term":[{"taxonomy":"category","embeddable":true,"href":"https:\/\/elinformanteperu.com\/index.php\/wp-json\/wp\/v2\/categories?post=26231"},{"taxonomy":"post_tag","embeddable":true,"href":"https:\/\/elinformanteperu.com\/index.php\/wp-json\/wp\/v2\/tags?post=26231"}],"curies":[{"name":"wp","href":"https:\/\/api.w.org\/{rel}","templated":true}]}}