{"id":26036,"date":"2018-05-01T23:12:07","date_gmt":"2018-05-02T04:12:07","guid":{"rendered":"http:\/\/elinformanteperu.com\/?p=26036"},"modified":"2018-05-01T23:12:07","modified_gmt":"2018-05-02T04:12:07","slug":"el-real-madrid-se-mete-en-su-tercera-final-de-champions-consecutiva","status":"publish","type":"post","link":"https:\/\/elinformanteperu.com\/index.php\/2018\/05\/01\/el-real-madrid-se-mete-en-su-tercera-final-de-champions-consecutiva\/","title":{"rendered":"El Real Madrid se mete en su tercera final de Champions consecutiva"},"content":{"rendered":"<p><span style=\"color: #000000;\"><strong>El Real Madrid buscar\u00e1 su decimotercera Copa de Europa tras clasificarse para su tercera final de Champions consecutiva, pese a empatar a dos goles con el Bayern.<\/strong><\/span><\/p>\n<p><span style=\"color: #000000;\"><strong>Madrid, 30 de Abril 2018, (ANDINA).-<\/strong> El Real Madrid buscar\u00e1 su decimotercera Copa de Europa tras clasificarse para su tercera final de Champions consecutiva, pese a empatar a dos goles con el Bayern de M\u00fanich en la vuelta de semifinales del torneo continental, con doblete de Benzema (4-3 en el global de la eliminatoria).<\/span><\/p>\n<p><span style=\"color: #000000;\">El Bayern se adelant\u00f3 con un gol de Joshua Kimmich, pero equilibr\u00f3 Karim Benzema de cabeza antes de hacer el 2-1 al aprovechar un fallo del portero en una cesi\u00f3n; aunque James Rodr\u00edguez puso el 2-2 definitivo.<\/span><\/p>\n<p><span style=\"color: #000000;\">El equipo blanco hizo buena su victoria 2-1 en la ida para lograr el pase, en un partido muy igualado, en el que el Bayern sali\u00f3 decidido a llevarse el encuentro.<\/span><\/p>\n<p><span style=\"color: #000000;\">Los primeros minutos fueron de dominio visitante en el Santiago Bernab\u00e9u con un Bayern que presionaba, recuperando cerca del \u00e1rea contraria.<\/span><\/p>\n<p><span style=\"color: #000000;\">Pronto, un centro desde la derecha lo despej\u00f3 mal Sergio Ramos y Kimmich aprovech\u00f3 el bal\u00f3n suelto para hacer el 1-0 (3 minutos), aunque la alegr\u00eda b\u00e1vara apenas dur\u00f3 unos momentos.<\/span><\/p>\n<p><span style=\"color: #000000;\">Los que tard\u00f3 Marcelo en poner un centro desde la izquierda para que Benzema cabecear\u00e1 en el segundo palo al fondo de las mallas alemanas (11 min).<\/span><\/p>\n<p><span style=\"color: #000000;\">El partido fue un aut\u00e9ntico intercambio de golpes entre dos equipos volcados al ataque, aprovechando el sufrimiento mutuo en defensa.<\/span><\/p>\n<p><span style=\"color: #000000;\">Tras el descanso, Corentin Tolisso cedi\u00f3 mal a su portero, que no acert\u00f3 a despejar el bal\u00f3n y Benzema aprovech\u00f3 para hacer el 2-1 a puerta vac\u00eda (46 min).<\/span><\/p>\n<p><span style=\"color: #000000;\">Pese al tanto, los alemanes se rehicieron y encerraron a los blancos en el \u00e1rea apareciendo James para equilibrar.<\/span><\/p>\n<p><span style=\"color: #000000;\">El cafetero recuper\u00f3 un rechazo para soltar un tiro que supuso el 2-2 (63 min), aunque el colombiano cedido por el equipo blanco no celebr\u00f3 el tanto, tal como hab\u00eda anunciado la v\u00edspera.<\/span><\/p>\n<p><span style=\"color: #000000;\">El gol dio alas al equipo rival que sigui\u00f3 empujando, mientras el Real Madrid se limit\u00f3 a aguantar y achicar para acabar llev\u00e1ndose la eliminatoria.<\/span><\/p>\n<p><img fetchpriority=\"high\" decoding=\"async\" class=\"aligncenter size-full wp-image-26039\" src=\"http:\/\/elinformanteperu.com\/wp-content\/uploads\/2018\/05\/madrid-bayern-vuelta2.jpg\" alt=\"\" width=\"1800\" height=\"1201\" srcset=\"https:\/\/elinformanteperu.com\/wp-content\/uploads\/2018\/05\/madrid-bayern-vuelta2.jpg 1800w, https:\/\/elinformanteperu.com\/wp-content\/uploads\/2018\/05\/madrid-bayern-vuelta2-300x200.jpg 300w, https:\/\/elinformanteperu.com\/wp-content\/uploads\/2018\/05\/madrid-bayern-vuelta2-768x512.jpg 768w, https:\/\/elinformanteperu.com\/wp-content\/uploads\/2018\/05\/madrid-bayern-vuelta2-1024x683.jpg 1024w, https:\/\/elinformanteperu.com\/wp-content\/uploads\/2018\/05\/madrid-bayern-vuelta2-128x85.jpg 128w, https:\/\/elinformanteperu.com\/wp-content\/uploads\/2018\/05\/madrid-bayern-vuelta2-32x21.jpg 32w\" sizes=\"(max-width: 1800px) 100vw, 1800px\" \/><\/p>\n","protected":false},"excerpt":{"rendered":"<p>El Real Madrid buscar\u00e1 su decimotercera Copa de Europa tras clasificarse para su tercera final de Champions consecutiva, pese a empatar a dos goles con el Bayern. Madrid, 30 de Abril 2018, (ANDINA).- El Real Madrid buscar\u00e1 su decimotercera Copa de Europa tras clasificarse para su tercera final de Champions consecutiva, pese a empatar a [&hellip;]<\/p>\n","protected":false},"author":1,"featured_media":26038,"comment_status":"open","ping_status":"open","sticky":false,"template":"","format":"standard","meta":{"rop_custom_images_group":[],"rop_custom_messages_group":[],"rop_publish_now":"initial","rop_publish_now_accounts":[],"rop_publish_now_history":[],"rop_publish_now_status":"pending","footnotes":""},"categories":[8],"tags":[1379,2783,423],"class_list":["post-26036","post","type-post","status-publish","format-standard","has-post-thumbnail","hentry","category-disciplinas-deportivas","tag-bayern-de-munich","tag-liga-de-campeones-2018","tag-real-madrid"],"_links":{"self":[{"href":"https:\/\/elinformanteperu.com\/index.php\/wp-json\/wp\/v2\/posts\/26036","targetHints":{"allow":["GET"]}}],"collection":[{"href":"https:\/\/elinformanteperu.com\/index.php\/wp-json\/wp\/v2\/posts"}],"about":[{"href":"https:\/\/elinformanteperu.com\/index.php\/wp-json\/wp\/v2\/types\/post"}],"author":[{"embeddable":true,"href":"https:\/\/elinformanteperu.com\/index.php\/wp-json\/wp\/v2\/users\/1"}],"replies":[{"embeddable":true,"href":"https:\/\/elinformanteperu.com\/index.php\/wp-json\/wp\/v2\/comments?post=26036"}],"version-history":[{"count":1,"href":"https:\/\/elinformanteperu.com\/index.php\/wp-json\/wp\/v2\/posts\/26036\/revisions"}],"predecessor-version":[{"id":26040,"href":"https:\/\/elinformanteperu.com\/index.php\/wp-json\/wp\/v2\/posts\/26036\/revisions\/26040"}],"wp:featuredmedia":[{"embeddable":true,"href":"https:\/\/elinformanteperu.com\/index.php\/wp-json\/wp\/v2\/media\/26038"}],"wp:attachment":[{"href":"https:\/\/elinformanteperu.com\/index.php\/wp-json\/wp\/v2\/media?parent=26036"}],"wp:term":[{"taxonomy":"category","embeddable":true,"href":"https:\/\/elinformanteperu.com\/index.php\/wp-json\/wp\/v2\/categories?post=26036"},{"taxonomy":"post_tag","embeddable":true,"href":"https:\/\/elinformanteperu.com\/index.php\/wp-json\/wp\/v2\/tags?post=26036"}],"curies":[{"name":"wp","href":"https:\/\/api.w.org\/{rel}","templated":true}]}}