{"id":26032,"date":"2018-05-01T23:06:16","date_gmt":"2018-05-02T04:06:16","guid":{"rendered":"http:\/\/elinformanteperu.com\/?p=26032"},"modified":"2018-05-01T23:06:16","modified_gmt":"2018-05-02T04:06:16","slug":"roberto-mancini-negocia-ser-el-proximo-seleccionador-italiano","status":"publish","type":"post","link":"https:\/\/elinformanteperu.com\/index.php\/2018\/05\/01\/roberto-mancini-negocia-ser-el-proximo-seleccionador-italiano\/","title":{"rendered":"Roberto Mancini negocia ser el pr\u00f3ximo seleccionador italiano"},"content":{"rendered":"<p><strong><span style=\"color: #000000;\">El italiano Roberto Mancini, se ha reunido con dirigentes de la Federaci\u00f3n Italiana con el objetivo de convertirse en el nuevo seleccionador.<\/span><\/strong><\/p>\n<p><span style=\"color: #000000;\"><strong>Mil\u00e1n, 30 de Abril 2018, (ANDINA).-<\/strong> El entrenador del Zenit San Petersburgo, el italiano Roberto Mancini, se ha reunido con dirigentes de la Federaci\u00f3n Italiana con el objetivo de convertirse en el nuevo seleccionador, informaron los medios del pa\u00eds.<\/span><\/p>\n<p><span style=\"color: #000000;\">Seg\u00fan La Gazzetta dello Sport y Le Corriere dello Sport, Mancini se reuni\u00f3 el lunes por la noche en Roma con varios responsables de la federaci\u00f3n, entre ellos el antiguo defensa internacional Alessandro Costacurta, encargado del dosier de elecci\u00f3n del nuevo seleccionador.<\/span><\/p>\n<p><span style=\"color: #000000;\">Seg\u00fan la Gazzetta, le habr\u00edan propuesto un contrato por dos temporadas.<\/span><\/p>\n<p><span style=\"color: #000000;\">La semana pasada los mismos diarios aseguraron que el puesto hab\u00eda sido propuesto a Carlo Ancelotti, pero el lunes publicaron que el antiguo entrenador del Real Madrid y del Bayern M\u00fanich entre otros hab\u00eda rechazado la posibilidad.<\/span><\/p>\n<p><span style=\"color: #000000;\">La Squadra Azzura est\u00e1 sin seleccionador desde la marcha de Gian Piero Ventura tras la hist\u00f3rica eliminaci\u00f3n ante Suecia en noviembre.<\/span><\/p>\n<p><span style=\"color: #000000;\">A la espera de la nominaci\u00f3n oficial del seleccionador, Luigi Di Biagio, t\u00e9cnico de la Sub-21, ocupa el puesto de forma interina.<\/span><\/p>\n<p><img fetchpriority=\"high\" decoding=\"async\" class=\"aligncenter size-full wp-image-18524\" src=\"http:\/\/elinformanteperu.com\/wp-content\/uploads\/2017\/11\/italia-eliminacion.jpg\" alt=\"\" width=\"970\" height=\"580\" srcset=\"https:\/\/elinformanteperu.com\/wp-content\/uploads\/2017\/11\/italia-eliminacion.jpg 970w, https:\/\/elinformanteperu.com\/wp-content\/uploads\/2017\/11\/italia-eliminacion-300x179.jpg 300w, https:\/\/elinformanteperu.com\/wp-content\/uploads\/2017\/11\/italia-eliminacion-768x459.jpg 768w, https:\/\/elinformanteperu.com\/wp-content\/uploads\/2017\/11\/italia-eliminacion-128x77.jpg 128w, https:\/\/elinformanteperu.com\/wp-content\/uploads\/2017\/11\/italia-eliminacion-32x19.jpg 32w\" sizes=\"(max-width: 970px) 100vw, 970px\" \/><\/p>\n","protected":false},"excerpt":{"rendered":"<p>El italiano Roberto Mancini, se ha reunido con dirigentes de la Federaci\u00f3n Italiana con el objetivo de convertirse en el nuevo seleccionador. Mil\u00e1n, 30 de Abril 2018, (ANDINA).- El entrenador del Zenit San Petersburgo, el italiano Roberto Mancini, se ha reunido con dirigentes de la Federaci\u00f3n Italiana con el objetivo de convertirse en el nuevo [&hellip;]<\/p>\n","protected":false},"author":1,"featured_media":26034,"comment_status":"open","ping_status":"open","sticky":false,"template":"","format":"standard","meta":{"rop_custom_images_group":[],"rop_custom_messages_group":[],"rop_publish_now":"initial","rop_publish_now_accounts":[],"rop_publish_now_history":[],"rop_publish_now_status":"pending","footnotes":""},"categories":[8],"tags":[2400,3074],"class_list":["post-26032","post","type-post","status-publish","format-standard","has-post-thumbnail","hentry","category-disciplinas-deportivas","tag-italia","tag-roberto-mancini"],"_links":{"self":[{"href":"https:\/\/elinformanteperu.com\/index.php\/wp-json\/wp\/v2\/posts\/26032","targetHints":{"allow":["GET"]}}],"collection":[{"href":"https:\/\/elinformanteperu.com\/index.php\/wp-json\/wp\/v2\/posts"}],"about":[{"href":"https:\/\/elinformanteperu.com\/index.php\/wp-json\/wp\/v2\/types\/post"}],"author":[{"embeddable":true,"href":"https:\/\/elinformanteperu.com\/index.php\/wp-json\/wp\/v2\/users\/1"}],"replies":[{"embeddable":true,"href":"https:\/\/elinformanteperu.com\/index.php\/wp-json\/wp\/v2\/comments?post=26032"}],"version-history":[{"count":1,"href":"https:\/\/elinformanteperu.com\/index.php\/wp-json\/wp\/v2\/posts\/26032\/revisions"}],"predecessor-version":[{"id":26035,"href":"https:\/\/elinformanteperu.com\/index.php\/wp-json\/wp\/v2\/posts\/26032\/revisions\/26035"}],"wp:featuredmedia":[{"embeddable":true,"href":"https:\/\/elinformanteperu.com\/index.php\/wp-json\/wp\/v2\/media\/26034"}],"wp:attachment":[{"href":"https:\/\/elinformanteperu.com\/index.php\/wp-json\/wp\/v2\/media?parent=26032"}],"wp:term":[{"taxonomy":"category","embeddable":true,"href":"https:\/\/elinformanteperu.com\/index.php\/wp-json\/wp\/v2\/categories?post=26032"},{"taxonomy":"post_tag","embeddable":true,"href":"https:\/\/elinformanteperu.com\/index.php\/wp-json\/wp\/v2\/tags?post=26032"}],"curies":[{"name":"wp","href":"https:\/\/api.w.org\/{rel}","templated":true}]}}