{"id":25998,"date":"2018-04-29T23:59:44","date_gmt":"2018-04-30T04:59:44","guid":{"rendered":"http:\/\/elinformanteperu.com\/?p=25998"},"modified":"2018-04-29T23:59:44","modified_gmt":"2018-04-30T04:59:44","slug":"reunion-de-presidente-vizcarra-con-keiko-fujimori-podria-darse-despues-de-28-de-julio","status":"publish","type":"post","link":"https:\/\/elinformanteperu.com\/index.php\/2018\/04\/29\/reunion-de-presidente-vizcarra-con-keiko-fujimori-podria-darse-despues-de-28-de-julio\/","title":{"rendered":"Reuni\u00f3n de presidente Vizcarra con Keiko Fujimori podr\u00eda darse despu\u00e9s de 28 de julio"},"content":{"rendered":"<p><strong><span style=\"color: #000000;\">La reuni\u00f3n entre el presidente de la Rep\u00fablica, Mart\u00edn Vizcarra, y la lideresa de Fuerza Popular, Keiko Fujimori, se realizar\u00eda despu\u00e9s de 28 de julio.<\/span><\/strong><\/p>\n<p><span style=\"color: #000000;\"><strong>Lima, 29 de Abril 2018, (ANDINA).-<\/strong> La reuni\u00f3n entre el presidente de la Rep\u00fablica, Mart\u00edn Vizcarra, y la lideresa de Fuerza Popular, Keiko Fujimori, se realizar\u00eda despu\u00e9s de 28 de julio, anunci\u00f3 el jefe del Gabinete Ministerial, C\u00e9sar Villanueva.<\/span><\/p>\n<p><span style=\"color: #000000;\">Indic\u00f3 que el encuentro con Fujimori Higuchi es una posibilidad \u201cque no tiene fecha\u201d, pero que se enmarca en la pol\u00edtica de di\u00e1logo a todo nivel que desarrolla el Poder Ejecutivo.<\/span><\/p>\n<p><span style=\"color: #000000;\">\u201cDir\u00eda que esta reuni\u00f3n se dar\u00e1 despu\u00e9s de unos meses de trabajo, despu\u00e9s (28 de julio), pienso que s\u00ed, no hay apuro\u201d, manifest\u00f3<\/span><\/p>\n<p><span style=\"color: #000000;\">Villanueva precis\u00f3 que la reuni\u00f3n con la lideresa de la bancada mayoritaria del Parlamento se dar\u00e1 tambi\u00e9n con todos los l\u00edderes de los partidos pol\u00edticos representados en el Legislativo, aunque no con los candidatos a la Presidencia al 2021.<\/span><\/p>\n<p><span style=\"color: #000000;\">\u201cPienso que nosotros (el Ejecutivo) hemos tomado la iniciativa, hemos abierto el di\u00e1logo con todas las tiendas pol\u00edticas, porque la pol\u00edtica seria es para conversar, podemos discrepar, podemos tener ideas diferentes, pero s\u00ed podemos ponemos de acuerdo en puntos importantes como la econom\u00eda y lucha contra corrupci\u00f3n\u201d, dijo.<\/span><\/p>\n<p><span style=\"color: #000000;\">Asimismo, descart\u00f3 cualquier posible alianza con Fuerza Popular, indicando que el proceso de conversaciones se desarroll\u00f3 con todas las bancadas.<\/span><\/p>\n<p><strong><span style=\"color: #000000;\">Eyvi Agreda<\/span><\/strong><\/p>\n<p><span style=\"color: #000000;\">Sobre el caso de Eyvi Agreda, quien fuera quemada por su acosador Carlos Hualpa Vacas, sostuvo que se est\u00e1n tomando acciones a trav\u00e9s de los Ministerios del Interior, Desarrollo e Inclusi\u00f3n Social y de la Mujer, para generar pol\u00edticas de prevenci\u00f3n.<\/span><\/p>\n<p><span style=\"color: #000000;\">\u201cMientras que con el Ministerio de Educaci\u00f3n estamos trabajando la educaci\u00f3n en formaci\u00f3n de valores, en el largo plazo queremos crear valores en nuestros ni\u00f1os para acabar tanto en la violencia a la mujer y la corrupci\u00f3n\u201d, se\u00f1al\u00f3.<\/span><\/p>\n<p><span style=\"color: #000000;\">De igual modo, indic\u00f3 que est\u00e1n buscando trabajar de manera estrecha con el Ministerio P\u00fablico y el Poder Judicial para reforzar el trabajo institucional en este tipo de problemas.<\/span><\/p>\n<p><span style=\"color: #000000;\">\u201cEl Ejecutivo no se puede meter en estas cosas, pero si darle el apoyo necesario para que esta violencia no se siga dando en nuestro pa\u00eds\u201d, asegur\u00f3.<\/span><\/p>\n","protected":false},"excerpt":{"rendered":"<p>La reuni\u00f3n entre el presidente de la Rep\u00fablica, Mart\u00edn Vizcarra, y la lideresa de Fuerza Popular, Keiko Fujimori, se realizar\u00eda despu\u00e9s de 28 de julio. Lima, 29 de Abril 2018, (ANDINA).- La reuni\u00f3n entre el presidente de la Rep\u00fablica, Mart\u00edn Vizcarra, y la lideresa de Fuerza Popular, Keiko Fujimori, se realizar\u00eda despu\u00e9s de 28 de [&hellip;]<\/p>\n","protected":false},"author":1,"featured_media":26000,"comment_status":"open","ping_status":"open","sticky":false,"template":"","format":"standard","meta":{"rop_custom_images_group":[],"rop_custom_messages_group":[],"rop_publish_now":"initial","rop_publish_now_accounts":[],"rop_publish_now_history":[],"rop_publish_now_status":"pending","footnotes":""},"categories":[5],"tags":[853,557,289,189],"class_list":["post-25998","post","type-post","status-publish","format-standard","has-post-thumbnail","hentry","category-actualidad-informativa","tag-cesar-villanueva","tag-keiko-fujimori","tag-martin-vizcarra","tag-pcm"],"_links":{"self":[{"href":"https:\/\/elinformanteperu.com\/index.php\/wp-json\/wp\/v2\/posts\/25998","targetHints":{"allow":["GET"]}}],"collection":[{"href":"https:\/\/elinformanteperu.com\/index.php\/wp-json\/wp\/v2\/posts"}],"about":[{"href":"https:\/\/elinformanteperu.com\/index.php\/wp-json\/wp\/v2\/types\/post"}],"author":[{"embeddable":true,"href":"https:\/\/elinformanteperu.com\/index.php\/wp-json\/wp\/v2\/users\/1"}],"replies":[{"embeddable":true,"href":"https:\/\/elinformanteperu.com\/index.php\/wp-json\/wp\/v2\/comments?post=25998"}],"version-history":[{"count":1,"href":"https:\/\/elinformanteperu.com\/index.php\/wp-json\/wp\/v2\/posts\/25998\/revisions"}],"predecessor-version":[{"id":26001,"href":"https:\/\/elinformanteperu.com\/index.php\/wp-json\/wp\/v2\/posts\/25998\/revisions\/26001"}],"wp:featuredmedia":[{"embeddable":true,"href":"https:\/\/elinformanteperu.com\/index.php\/wp-json\/wp\/v2\/media\/26000"}],"wp:attachment":[{"href":"https:\/\/elinformanteperu.com\/index.php\/wp-json\/wp\/v2\/media?parent=25998"}],"wp:term":[{"taxonomy":"category","embeddable":true,"href":"https:\/\/elinformanteperu.com\/index.php\/wp-json\/wp\/v2\/categories?post=25998"},{"taxonomy":"post_tag","embeddable":true,"href":"https:\/\/elinformanteperu.com\/index.php\/wp-json\/wp\/v2\/tags?post=25998"}],"curies":[{"name":"wp","href":"https:\/\/api.w.org\/{rel}","templated":true}]}}