{"id":25725,"date":"2018-04-24T21:04:03","date_gmt":"2018-04-25T02:04:03","guid":{"rendered":"http:\/\/elinformanteperu.com\/?p=25725"},"modified":"2018-04-24T21:04:03","modified_gmt":"2018-04-25T02:04:03","slug":"nino-costero-y-desaceleracion-economica-explican-aumento-de-pobreza-en-2017","status":"publish","type":"post","link":"https:\/\/elinformanteperu.com\/index.php\/2018\/04\/24\/nino-costero-y-desaceleracion-economica-explican-aumento-de-pobreza-en-2017\/","title":{"rendered":"Ni\u00f1o costero y desaceleraci\u00f3n econ\u00f3mica explican aumento de pobreza en 2017"},"content":{"rendered":"<p><strong><span style=\"color: #000000;\">El Fen\u00f3meno El Ni\u00f1o costero y la desaceleraci\u00f3n econ\u00f3mica fueron los principales factores para que la pobreza aumente, sostuvo el exministro Alonso Segura.<\/span><\/strong><\/p>\n<p><span style=\"color: #000000;\"><strong>Lima, 24 de Abril 2018, (ANDINA).-<\/strong> El Fen\u00f3meno El Ni\u00f1o costero y la desaceleraci\u00f3n econ\u00f3mica fueron los principales factores para que la pobreza aumente durante el 2017 en el Per\u00fa, sostuvo el exministro de Econom\u00eda y Finanzas Alonso Segura.<\/span><\/p>\n<p><span style=\"color: #000000;\">\u201cCreo que hay dos factores claros (que aumentaron la pobreza en el 2017), el m\u00e1s grande es la abrupta desaceleraci\u00f3n por el \u2018ajust\u00f3n\u2019 fiscal y otras medidas que se tomaron a fines del 2016\u201d, manifest\u00f3.<\/span><\/p>\n<p><span style=\"color: #000000;\">El Instituto Nacional de Estad\u00edstica e Inform\u00e1tica (INEI) inform\u00f3 hoy que la pobreza monetaria afect\u00f3 al 21.7% de la poblaci\u00f3n del pa\u00eds en el 2017. Seg\u00fan la Encuesta Nacional de Hogares la pobreza se increment\u00f3 en 375,000 personas, es decir, 1 punto porcentual m\u00e1s que en el 2016 y afect\u00f3 a 6 millones 906,000 peruanos.<\/span><\/p>\n<p><span style=\"color: #000000;\">\u201cPor primera vez en 17 a\u00f1os se redujo el empleo formal en el Per\u00fa, entonces era previsible que algo as\u00ed ocurriese, aunque es lamentable\u201d, indic\u00f3.<\/span><\/p>\n<p><strong><span style=\"color: #000000;\">Ni\u00f1o costero<\/span><\/strong><\/p>\n<p><span style=\"color: #000000;\">Alonso Segura coment\u00f3 que el otro elemento que incidi\u00f3 en el aumento de la pobreza habr\u00eda sido el Fen\u00f3meno El Ni\u00f1o costero, el cual es un factor de coyuntura.<\/span><\/p>\n<p><span style=\"color: #000000;\">\u201cEn este aspecto se debe estar atentos porque si una persona perdi\u00f3 su casa y no tiene empleo seguir\u00e1 en situaci\u00f3n de pobreza en el 2018, por eso hay que ver la eficacia de los esfuerzos en reconstrucci\u00f3n\u201d, dijo.<\/span><\/p>\n<p><span style=\"color: #000000;\">Asimismo, Segura consider\u00f3 que el crecimiento econ\u00f3mico se acelerar\u00e1 este a\u00f1o y deber\u00eda ayudar a que no se incremente la pobreza.<\/span><\/p>\n<p><span style=\"color: #000000;\">\u201cLa otra parte importante podr\u00eda venir por las pol\u00edticas sociales, que ayudan a mitigar ese efecto, las cuales deben ser bien manejadas\u201d, manifest\u00f3.<\/span><\/p>\n","protected":false},"excerpt":{"rendered":"<p>El Fen\u00f3meno El Ni\u00f1o costero y la desaceleraci\u00f3n econ\u00f3mica fueron los principales factores para que la pobreza aumente, sostuvo el exministro Alonso Segura. Lima, 24 de Abril 2018, (ANDINA).- El Fen\u00f3meno El Ni\u00f1o costero y la desaceleraci\u00f3n econ\u00f3mica fueron los principales factores para que la pobreza aumente durante el 2017 en el Per\u00fa, sostuvo el [&hellip;]<\/p>\n","protected":false},"author":1,"featured_media":25727,"comment_status":"open","ping_status":"open","sticky":false,"template":"","format":"standard","meta":{"rop_custom_images_group":[],"rop_custom_messages_group":[],"rop_publish_now":"initial","rop_publish_now_accounts":[],"rop_publish_now_history":[],"rop_publish_now_status":"pending","footnotes":""},"categories":[5],"tags":[3049,845,315],"class_list":["post-25725","post","type-post","status-publish","format-standard","has-post-thumbnail","hentry","category-actualidad-informativa","tag-alonso-segura","tag-inei","tag-mef"],"_links":{"self":[{"href":"https:\/\/elinformanteperu.com\/index.php\/wp-json\/wp\/v2\/posts\/25725","targetHints":{"allow":["GET"]}}],"collection":[{"href":"https:\/\/elinformanteperu.com\/index.php\/wp-json\/wp\/v2\/posts"}],"about":[{"href":"https:\/\/elinformanteperu.com\/index.php\/wp-json\/wp\/v2\/types\/post"}],"author":[{"embeddable":true,"href":"https:\/\/elinformanteperu.com\/index.php\/wp-json\/wp\/v2\/users\/1"}],"replies":[{"embeddable":true,"href":"https:\/\/elinformanteperu.com\/index.php\/wp-json\/wp\/v2\/comments?post=25725"}],"version-history":[{"count":1,"href":"https:\/\/elinformanteperu.com\/index.php\/wp-json\/wp\/v2\/posts\/25725\/revisions"}],"predecessor-version":[{"id":25728,"href":"https:\/\/elinformanteperu.com\/index.php\/wp-json\/wp\/v2\/posts\/25725\/revisions\/25728"}],"wp:featuredmedia":[{"embeddable":true,"href":"https:\/\/elinformanteperu.com\/index.php\/wp-json\/wp\/v2\/media\/25727"}],"wp:attachment":[{"href":"https:\/\/elinformanteperu.com\/index.php\/wp-json\/wp\/v2\/media?parent=25725"}],"wp:term":[{"taxonomy":"category","embeddable":true,"href":"https:\/\/elinformanteperu.com\/index.php\/wp-json\/wp\/v2\/categories?post=25725"},{"taxonomy":"post_tag","embeddable":true,"href":"https:\/\/elinformanteperu.com\/index.php\/wp-json\/wp\/v2\/tags?post=25725"}],"curies":[{"name":"wp","href":"https:\/\/api.w.org\/{rel}","templated":true}]}}